{"id":66622,"date":"2017-03-28T09:36:05","date_gmt":"2017-03-28T12:36:05","guid":{"rendered":"http:\/\/www.elsindical.com.ar\/notas\/?p=66622"},"modified":"2017-03-28T09:36:05","modified_gmt":"2017-03-28T12:36:05","slug":"caballito-lo-matan-a-punaladas-en-la-puerta-de-un-quiosco","status":"publish","type":"post","link":"https:\/\/www.elsindical.com.ar\/notas\/caballito-lo-matan-a-punaladas-en-la-puerta-de-un-quiosco\/","title":{"rendered":"Caballito: lo matan a pu\u00f1aladas en la puerta de un quiosco"},"content":{"rendered":"<p><em><span class=\"text description col-xs-8 col-lg-9\">\u00a0\u00a0<a href=\"http:\/\/www.elsindical.com.ar\/notas\/var\/www\/html\/notas\/wp-content\/uploads\/2017\/03\/asesino-de-Caballito-01.jpg\"><img loading=\"lazy\" decoding=\"async\" class=\"alignnone size-medium wp-image-66624\" src=\"http:\/\/www.elsindical.com.ar\/notas\/var\/www\/html\/notas\/wp-content\/uploads\/2017\/03\/asesino-de-Caballito-01-300x169.jpg\" alt=\"\" width=\"300\" height=\"169\" srcset=\"https:\/\/www.elsindical.com.ar\/notas\/var\/www\/html\/notas\/wp-content\/uploads\/2017\/03\/asesino-de-Caballito-01-300x169.jpg 300w, https:\/\/www.elsindical.com.ar\/notas\/var\/www\/html\/notas\/wp-content\/uploads\/2017\/03\/asesino-de-Caballito-01-768x434.jpg 768w, https:\/\/www.elsindical.com.ar\/notas\/var\/www\/html\/notas\/wp-content\/uploads\/2017\/03\/asesino-de-Caballito-01-500x282.jpg 500w, https:\/\/www.elsindical.com.ar\/notas\/var\/www\/html\/notas\/wp-content\/uploads\/2017\/03\/asesino-de-Caballito-01.jpg 930w\" sizes=\"auto, (max-width: 300px) 100vw, 300px\" \/><\/a> El crimen, que trascendi\u00f3 en las \u00faltimas horas, ocurri\u00f3 el viernes \u00faltimo por la madrugada en la esquina de la avenida Jos\u00e9 Mar\u00eda Moreno y Pedro Goyena cuando la v\u00edctima, identificada como Lucas Belli, de 32 a\u00f1os, se encontraba con un amigo.<\/span><\/em><\/p>\n<p>Un hombre fue asesinado a pu\u00f1aladas en la puerta de un quiosco del barrio porte\u00f1o de Caballito por un joven que fue detenido en forma inmediata y cuyas motivaciones se intentan determinar.<\/p>\n<p>El crimen, que trascendi\u00f3 en las \u00faltimas horas, ocurri\u00f3 el viernes \u00faltimo por la madrugada, alrededor de las 5:00 en la esquina de la avenida Jos\u00e9 Mar\u00eda Moreno y Pedro Goyena cuando la v\u00edctima, identificada como Lucas Belli, de 32 a\u00f1os, se encontraba con un amigo.<\/p>\n<p>En circunstancias aun confusas, Belli fue abordado por un joven provisto de un cuchillo, que lo atac\u00f3, indicaron voceros policiales y allegados a la v\u00edctima.<\/p>\n<p>Eduardo, el padre del hombre asesinado, dijo que el asesino \u00ablo atac\u00f3 de forma imprevista, no hubo intento de robo y no le dijo nada\u00bb.<\/p>\n<p>Asegur\u00f3 , en declaraciones a un canal de TV, que en otra\u00a0circunstancia su hijo se hubiera defendido, ya que era corpulento y sab\u00eda pelear.<\/p>\n<p>\u00abO se confundi\u00f3 de persona, o le agarr\u00f3 un brote psic\u00f3tico\u00bb, especul\u00f3 Eduardo sobre la motivaci\u00f3n del ataque. El asesino escap\u00f3 y el hombre atacado muri\u00f3 por una profunda herida sufridad en el cuello, entre otras lesiones, tras ser llevado al Hospital Durand.<\/p>\n<p>Poco despu\u00e9s, y gracias a las c\u00e1maras de seguridad del quiosco,\u00a0que funciona las 24 horas, se logr\u00f3 la identificaci\u00f3n del asesino\u00a0y su posterior detenci\u00f3n, a cargo de efectivos de la comisar\u00eda 12\u00a0de la Polic\u00eda de la Ciudad.<\/p>\n<p>Del video, trascendi\u00f3 una foto en la que puede verse al homicida con pu\u00f1al en mano, el brazo ensangrentado y postura de ataque.<\/p>\n<p>Seg\u00fan trascendi\u00f3, el asesino es un joven que reside en al zona\u00a0y padecer\u00eda problemas psiqui\u00e1tricos.<\/p>\n<p>El hombre asesinado estaba desocupado tras haber perdido su empleo en el rubro gastron\u00f3mico poco tiempo antes.<\/p>\n<p>La v\u00edctima ten\u00eda dos hijos, una nena de ocho a\u00f1os y un ni\u00f1o de\u00a0dos, pero estaba separado de la madre de los chicos.<\/p>\n<p><a href=\"http:\/\/www.elsindical.com.ar\/notas\/var\/www\/html\/notas\/wp-content\/uploads\/2017\/03\/asesino-de-Caballito-02.jpg\"><img loading=\"lazy\" decoding=\"async\" class=\"alignnone size-medium wp-image-66623\" src=\"http:\/\/www.elsindical.com.ar\/notas\/var\/www\/html\/notas\/wp-content\/uploads\/2017\/03\/asesino-de-Caballito-02-169x300.jpg\" alt=\"\" width=\"169\" height=\"300\" srcset=\"https:\/\/www.elsindical.com.ar\/notas\/var\/www\/html\/notas\/wp-content\/uploads\/2017\/03\/asesino-de-Caballito-02-169x300.jpg 169w, https:\/\/www.elsindical.com.ar\/notas\/var\/www\/html\/notas\/wp-content\/uploads\/2017\/03\/asesino-de-Caballito-02-576x1024.jpg 576w, https:\/\/www.elsindical.com.ar\/notas\/var\/www\/html\/notas\/wp-content\/uploads\/2017\/03\/asesino-de-Caballito-02.jpg 720w\" sizes=\"auto, (max-width: 169px) 100vw, 169px\" \/><\/a><\/p>\n","protected":false},"excerpt":{"rendered":"<p>\u00a0\u00a0 El crimen, que trascendi\u00f3 en las \u00faltimas horas, ocurri\u00f3 el viernes \u00faltimo por la madrugada en la esquina de la avenida Jos\u00e9 Mar\u00eda Moreno y Pedro Goyena cuando la v\u00edctima, identificada como Lucas Belli, de 32 a\u00f1os, se encontraba con un amigo. Un hombre fue asesinado a pu\u00f1aladas en la puerta de un quiosco&hellip;<\/p>\n","protected":false},"author":1,"featured_media":0,"comment_status":"open","ping_status":"open","sticky":false,"template":"","format":"standard","meta":{"footnotes":""},"categories":[22],"tags":[3300,400,2917,25604],"class_list":["post-66622","post","type-post","status-publish","format-standard","hentry","category-policiales","tag-apunalado","tag-caballito","tag-hospital-durand","tag-lucas-belli"],"_links":{"self":[{"href":"https:\/\/www.elsindical.com.ar\/notas\/wp-json\/wp\/v2\/posts\/66622","targetHints":{"allow":["GET"]}}],"collection":[{"href":"https:\/\/www.elsindical.com.ar\/notas\/wp-json\/wp\/v2\/posts"}],"about":[{"href":"https:\/\/www.elsindical.com.ar\/notas\/wp-json\/wp\/v2\/types\/post"}],"author":[{"embeddable":true,"href":"https:\/\/www.elsindical.com.ar\/notas\/wp-json\/wp\/v2\/users\/1"}],"replies":[{"embeddable":true,"href":"https:\/\/www.elsindical.com.ar\/notas\/wp-json\/wp\/v2\/comments?post=66622"}],"version-history":[{"count":1,"href":"https:\/\/www.elsindical.com.ar\/notas\/wp-json\/wp\/v2\/posts\/66622\/revisions"}],"predecessor-version":[{"id":66625,"href":"https:\/\/www.elsindical.com.ar\/notas\/wp-json\/wp\/v2\/posts\/66622\/revisions\/66625"}],"wp:attachment":[{"href":"https:\/\/www.elsindical.com.ar\/notas\/wp-json\/wp\/v2\/media?parent=66622"}],"wp:term":[{"taxonomy":"category","embeddable":true,"href":"https:\/\/www.elsindical.com.ar\/notas\/wp-json\/wp\/v2\/categories?post=66622"},{"taxonomy":"post_tag","embeddable":true,"href":"https:\/\/www.elsindical.com.ar\/notas\/wp-json\/wp\/v2\/tags?post=66622"}],"curies":[{"name":"wp","href":"https:\/\/api.w.org\/{rel}","templated":true}]}}