{"id":66616,"date":"2017-03-28T09:31:10","date_gmt":"2017-03-28T12:31:10","guid":{"rendered":"http:\/\/www.elsindical.com.ar\/notas\/?p=66616"},"modified":"2017-03-28T09:31:10","modified_gmt":"2017-03-28T12:31:10","slug":"villa-luro-robo-persecucion-tiroteo-y-detencion","status":"publish","type":"post","link":"https:\/\/www.elsindical.com.ar\/notas\/villa-luro-robo-persecucion-tiroteo-y-detencion\/","title":{"rendered":"Villa Luro: Robo, persecuci\u00f3n, tiroteo y detenci\u00f3n"},"content":{"rendered":"<p><em><span class=\"text description col-xs-8 col-lg-9\">\u00a0 <a href=\"http:\/\/www.elsindical.com.ar\/notas\/var\/www\/html\/notas\/wp-content\/uploads\/2017\/03\/persecuci\u00f3n-y-tiroteo-Villa-Luro-01.jpg\"><img loading=\"lazy\" decoding=\"async\" class=\"alignnone size-medium wp-image-66619\" src=\"http:\/\/www.elsindical.com.ar\/notas\/var\/www\/html\/notas\/wp-content\/uploads\/2017\/03\/persecuci\u00f3n-y-tiroteo-Villa-Luro-01-300x169.jpg\" alt=\"\" width=\"300\" height=\"169\" srcset=\"https:\/\/www.elsindical.com.ar\/notas\/var\/www\/html\/notas\/wp-content\/uploads\/2017\/03\/persecuci\u00f3n-y-tiroteo-Villa-Luro-01-300x169.jpg 300w, https:\/\/www.elsindical.com.ar\/notas\/var\/www\/html\/notas\/wp-content\/uploads\/2017\/03\/persecuci\u00f3n-y-tiroteo-Villa-Luro-01-500x282.jpg 500w, https:\/\/www.elsindical.com.ar\/notas\/var\/www\/html\/notas\/wp-content\/uploads\/2017\/03\/persecuci\u00f3n-y-tiroteo-Villa-Luro-01.jpg 696w\" sizes=\"auto, (max-width: 300px) 100vw, 300px\" \/><\/a>Al menos dos personas resultaron detenidas por el accionar de la Polic\u00eda de la Ciudad. Hab\u00edan robado un lavadero de autos ubicado en el barrio porte\u00f1o de Villa Luro.<\/span><\/em><\/p>\n<p>Otro hecho de inseguridad se vivi\u00f3 en las \u00faltimas horas y el accionar de la Polic\u00eda de la Ciudad permiti\u00f3 la detenci\u00f3n luego de una persecuci\u00f3n a dos hombres, quienes hab\u00edan robado un lavadero de autos ubicado en el barrio porte\u00f1o de Villa Luro.<\/p>\n<p>Ocurri\u00f3 en la noche del domingo, cuando dos personas armadas a bordo de un Chevrolet Corsa ingresaron al lavadero de autos \u201c10 puntos\u201d, ubicado en la avenida Rivadavia al 10500, y a punta de pistola redujeron a los empleados para robar dinero en efectivo, dos celulares, e inmediatamente se dieron a la fuga a gran velocidad.<\/p>\n<p>Un efectivo policial de la Comisar\u00eda 54 observ\u00f3 c\u00f3mo los delincuentes escapaban y dio aviso a los m\u00f3viles policiales de la zona.<\/p>\n<p>Inmediatamente, dos agentes lograron interceptar al veh\u00edculo y comenzaron a perseguirlo. Inmediatamente los delincuentes dispararon varios tiros al patrullero, aunque no lograron da\u00f1arlo.<\/p>\n<p>Cuando llegaron a la avenida Juan B. Justo los ladrones doblaron a alta velocidad y producto de la maniobra colisionaron con un poste de luz.<\/p>\n<p>En ese momento, uno de los hombres se baj\u00f3 y continu\u00f3 la fuga a pie, mientras que el otro fue detenido en el lugar.<\/p>\n<p>Un polic\u00eda comenz\u00f3 a seguir al delincuente que sali\u00f3 corriendo y pudo detenerlo a las pocas cuadras.<\/p>\n<p>En el auto se pudo encontrar una pistola Browning calibre 9 mm., el dinero robado y los celulares. Los dos delincuentes, uno argentino y otro uruguayo fueron trasladados a la Comisar\u00eda 44 y quedaron a disposici\u00f3n de la Justicia.<\/p>\n<p><a href=\"http:\/\/www.elsindical.com.ar\/notas\/var\/www\/html\/notas\/wp-content\/uploads\/2017\/03\/persecuci\u00f3n-y-tiroteo-Villa-Luro-04.jpg\"><img loading=\"lazy\" decoding=\"async\" class=\"alignnone size-medium wp-image-66620\" src=\"http:\/\/www.elsindical.com.ar\/notas\/var\/www\/html\/notas\/wp-content\/uploads\/2017\/03\/persecuci\u00f3n-y-tiroteo-Villa-Luro-04-300x169.jpg\" alt=\"\" width=\"300\" height=\"169\" srcset=\"https:\/\/www.elsindical.com.ar\/notas\/var\/www\/html\/notas\/wp-content\/uploads\/2017\/03\/persecuci\u00f3n-y-tiroteo-Villa-Luro-04-300x169.jpg 300w, https:\/\/www.elsindical.com.ar\/notas\/var\/www\/html\/notas\/wp-content\/uploads\/2017\/03\/persecuci\u00f3n-y-tiroteo-Villa-Luro-04-500x282.jpg 500w, https:\/\/www.elsindical.com.ar\/notas\/var\/www\/html\/notas\/wp-content\/uploads\/2017\/03\/persecuci\u00f3n-y-tiroteo-Villa-Luro-04.jpg 696w\" sizes=\"auto, (max-width: 300px) 100vw, 300px\" \/><\/a> <a href=\"http:\/\/www.elsindical.com.ar\/notas\/var\/www\/html\/notas\/wp-content\/uploads\/2017\/03\/persecuci\u00f3n-y-tiroteo-Villa-Luro-02.jpg\"><img loading=\"lazy\" decoding=\"async\" class=\"alignnone size-medium wp-image-66618\" src=\"http:\/\/www.elsindical.com.ar\/notas\/var\/www\/html\/notas\/wp-content\/uploads\/2017\/03\/persecuci\u00f3n-y-tiroteo-Villa-Luro-02-169x300.jpg\" alt=\"\" width=\"169\" height=\"300\" srcset=\"https:\/\/www.elsindical.com.ar\/notas\/var\/www\/html\/notas\/wp-content\/uploads\/2017\/03\/persecuci\u00f3n-y-tiroteo-Villa-Luro-02-169x300.jpg 169w, https:\/\/www.elsindical.com.ar\/notas\/var\/www\/html\/notas\/wp-content\/uploads\/2017\/03\/persecuci\u00f3n-y-tiroteo-Villa-Luro-02-576x1024.jpg 576w, https:\/\/www.elsindical.com.ar\/notas\/var\/www\/html\/notas\/wp-content\/uploads\/2017\/03\/persecuci\u00f3n-y-tiroteo-Villa-Luro-02.jpg 696w\" sizes=\"auto, (max-width: 169px) 100vw, 169px\" \/><\/a> <a href=\"http:\/\/www.elsindical.com.ar\/notas\/var\/www\/html\/notas\/wp-content\/uploads\/2017\/03\/persecuci\u00f3n-y-tiroteo-Villa-Luro-03.jpg\"><img loading=\"lazy\" decoding=\"async\" class=\"alignnone size-medium wp-image-66617\" src=\"http:\/\/www.elsindical.com.ar\/notas\/var\/www\/html\/notas\/wp-content\/uploads\/2017\/03\/persecuci\u00f3n-y-tiroteo-Villa-Luro-03-180x300.jpg\" alt=\"\" width=\"180\" height=\"300\" srcset=\"https:\/\/www.elsindical.com.ar\/notas\/var\/www\/html\/notas\/wp-content\/uploads\/2017\/03\/persecuci\u00f3n-y-tiroteo-Villa-Luro-03-180x300.jpg 180w, https:\/\/www.elsindical.com.ar\/notas\/var\/www\/html\/notas\/wp-content\/uploads\/2017\/03\/persecuci\u00f3n-y-tiroteo-Villa-Luro-03-614x1024.jpg 614w, https:\/\/www.elsindical.com.ar\/notas\/var\/www\/html\/notas\/wp-content\/uploads\/2017\/03\/persecuci\u00f3n-y-tiroteo-Villa-Luro-03.jpg 696w\" sizes=\"auto, (max-width: 180px) 100vw, 180px\" \/><\/a><\/p>\n","protected":false},"excerpt":{"rendered":"<p>\u00a0 Al menos dos personas resultaron detenidas por el accionar de la Polic\u00eda de la Ciudad. Hab\u00edan robado un lavadero de autos ubicado en el barrio porte\u00f1o de Villa Luro. Otro hecho de inseguridad se vivi\u00f3 en las \u00faltimas horas y el accionar de la Polic\u00eda de la Ciudad permiti\u00f3 la detenci\u00f3n luego de una&hellip;<\/p>\n","protected":false},"author":1,"featured_media":0,"comment_status":"open","ping_status":"open","sticky":false,"template":"","format":"standard","meta":{"footnotes":""},"categories":[22],"tags":[4361,116,238,3491],"class_list":["post-66616","post","type-post","status-publish","format-standard","hentry","category-policiales","tag-persecucion","tag-robo","tag-tiroteo","tag-villa-luro"],"_links":{"self":[{"href":"https:\/\/www.elsindical.com.ar\/notas\/wp-json\/wp\/v2\/posts\/66616","targetHints":{"allow":["GET"]}}],"collection":[{"href":"https:\/\/www.elsindical.com.ar\/notas\/wp-json\/wp\/v2\/posts"}],"about":[{"href":"https:\/\/www.elsindical.com.ar\/notas\/wp-json\/wp\/v2\/types\/post"}],"author":[{"embeddable":true,"href":"https:\/\/www.elsindical.com.ar\/notas\/wp-json\/wp\/v2\/users\/1"}],"replies":[{"embeddable":true,"href":"https:\/\/www.elsindical.com.ar\/notas\/wp-json\/wp\/v2\/comments?post=66616"}],"version-history":[{"count":1,"href":"https:\/\/www.elsindical.com.ar\/notas\/wp-json\/wp\/v2\/posts\/66616\/revisions"}],"predecessor-version":[{"id":66621,"href":"https:\/\/www.elsindical.com.ar\/notas\/wp-json\/wp\/v2\/posts\/66616\/revisions\/66621"}],"wp:attachment":[{"href":"https:\/\/www.elsindical.com.ar\/notas\/wp-json\/wp\/v2\/media?parent=66616"}],"wp:term":[{"taxonomy":"category","embeddable":true,"href":"https:\/\/www.elsindical.com.ar\/notas\/wp-json\/wp\/v2\/categories?post=66616"},{"taxonomy":"post_tag","embeddable":true,"href":"https:\/\/www.elsindical.com.ar\/notas\/wp-json\/wp\/v2\/tags?post=66616"}],"curies":[{"name":"wp","href":"https:\/\/api.w.org\/{rel}","templated":true}]}}