{"id":66538,"date":"2017-03-25T00:57:36","date_gmt":"2017-03-25T03:57:36","guid":{"rendered":"http:\/\/www.elsindical.com.ar\/notas\/?p=66538"},"modified":"2017-03-25T00:57:36","modified_gmt":"2017-03-25T03:57:36","slug":"sebastian-marcos-ramos-del-carro-a-miami","status":"publish","type":"post","link":"https:\/\/www.elsindical.com.ar\/notas\/sebastian-marcos-ramos-del-carro-a-miami\/","title":{"rendered":"Sebasti\u00e1n Marcos Ramos \u00abdel carro a Miami\u00bb"},"content":{"rendered":"<p><a href=\"http:\/\/www.elsindical.com.ar\/notas\/var\/www\/html\/notas\/wp-content\/uploads\/2016\/02\/Ferra-y-funcionarios.jpg\"><img loading=\"lazy\" decoding=\"async\" class=\"alignnone size-medium wp-image-57349\" src=\"http:\/\/www.elsindical.com.ar\/notas\/var\/www\/html\/notas\/wp-content\/uploads\/2016\/02\/Ferra-y-funcionarios-300x200.jpg\" alt=\"\" width=\"300\" height=\"200\" srcset=\"https:\/\/www.elsindical.com.ar\/notas\/var\/www\/html\/notas\/wp-content\/uploads\/2016\/02\/Ferra-y-funcionarios-300x200.jpg 300w, https:\/\/www.elsindical.com.ar\/notas\/var\/www\/html\/notas\/wp-content\/uploads\/2016\/02\/Ferra-y-funcionarios-450x300.jpg 450w, https:\/\/www.elsindical.com.ar\/notas\/var\/www\/html\/notas\/wp-content\/uploads\/2016\/02\/Ferra-y-funcionarios.jpg 620w\" sizes=\"auto, (max-width: 300px) 100vw, 300px\" \/><\/a>Mucho se ha hablado de la corrupci\u00f3n entre varios de los funcionarios de la gesti\u00f3n del intendente Jorge Ferraresi, denuncias en las redes y denuncias en el municipio suelen pasar sin mayores consecuencias y no son pocos los funcionarios que se sorprenden por como el intendente ignora los reclamos de los vecinos, muchas veces sosteniendo a funcionarios que terminan perjudicando la imagen del intendente y su entorno.<\/p>\n<p>Hoy nos vamos a referir al ex Subsecretario de Econom\u00eda Social Sebasti\u00e1n Marcos Ramos, un joven de Villa Dom\u00ednico que los vecinos recuerdan hasta antes del 2010 se dedicaba al reciclaje de pl\u00e1sticos y hasta lleg\u00f3 a andar en un carro, cuando un funcionario le present\u00f3 al intendente Jorge Ferraresi, este enseguida se gan\u00f3 su confianza y durante mucho tiempo fue \u00abel ni\u00f1o mimado\u00bb del intendente recibiendo un importante apoyo econ\u00f3mico y pol\u00edtico.<\/p>\n<p>Sebasti\u00e1n Ramos, fue presidente del Consejo Municipal de la Juventud, referente de La C\u00e1mpora y la Agrupaci\u00f3n Eva Per\u00f3n, candidato a concejal puesto 9\u00ba lista del Frente Para la Victoria 2013.<\/p>\n<p>Como Subsecretario de Econom\u00eda Social municipal, tuvo una intensa actividad con las cooperativas de trabajadores, como el plenario realizado en la ex Cristalux, donde present\u00f3 a la cooperativa de trabajo \u00abCristal Avellaneda\u00bb de la que particip\u00f3 el intendente de Avellaneda Jorge Ferraresi y el intendente de Berazategui Patricio Mussi.<\/p>\n<p>Realiz\u00f3 varias jornadas con emprendedores locales, junto a algunos otros funcionarios que representan adem\u00e1s a cooperativas.<\/p>\n<p>Manej\u00f3 un presupuesto millonario, administraba los canjes de vauchers por herramientas para microemprendimientos, recibi\u00f3 electrodom\u00e9sticos que no llegaron a los destinatarios al igual que recib\u00eda cheques para microemprendimientos que quedaban en su poder, colaboradores de su gesti\u00f3n han asegurado a nuestro medio que muchos electrodom\u00e9sticos que Ramos no entreg\u00f3 fueron enviados a la provincia de San Juan donde tiene familiares y que all\u00ed los vend\u00eda a un local dedicado al rubro.<\/p>\n<p>Un familiar que tambi\u00e9n se puso en contacto lo acus\u00f3 de quedarse con un departamento de un t\u00edo y de no ocuparse de la situaci\u00f3n de este.<\/p>\n<p>Varios funcionarios del municipio lo recuerdan como un joven que recibi\u00f3 mucha ayuda de Jorge Ferraresi, no solo por su nombramiento, sino tambi\u00e9n por los cr\u00e9ditos y subsidios a su galp\u00f3n de reciclaje de pl\u00e1sticos que termin\u00f3 convirti\u00e9ndose en una f\u00e1brica de reciclado y procesamiento de pl\u00e1sticos adquiriendo maquinarias y teniendo como cliente al Eco Punto de Sarand\u00ed ubicado en las calles Heredia y Luj\u00e1n. Actualmente exporta sus productos.<\/p>\n<p>La principal critica de otros funcionaris\u00a0 pasa por el hecho de que lo consideran un vago y un paracaidista ya que lleg\u00f3 a la funci\u00f3n p\u00fablica sin tener militancia y humildad, aprovechando una desgracia barrial en su beneficio.<\/p>\n<p>Es obvio que Ramos no es el \u00fanico responsable, habr\u00e1 que esperar a que Ferraresi alguna vez explique y se haga cargo de sus funcionaris elegidos, ya tuvieron el claro ejemplo de Federico Taboada, como subsecretario de Medios hizo una p\u00e9sima gesti\u00f3n y hasta causo varios perjuicios al municipio, quien hasta que fue despedido se qued\u00f3 con algunos vueltos, hoy se reciclo en el STMA y desde all\u00ed ahora combate a su antiguo jefe.<\/p>\n<p><a href=\"http:\/\/www.elsindical.com.ar\/notas\/guerra-interna-en-el-fpv-y-el-pj-de-avellaneda\/\">En el caso de Sebasti\u00e1n Ramos, el municipio lo denunci\u00f3<\/a>, su local pol\u00edtico fue allanado, pero no se volvi\u00f3 a saber qu\u00e9 evoluci\u00f3n tiene la causa.<\/p>\n<p>La frutilla del postre la di\u00f3 una vez m\u00e1s el propio Ramos al filmarse en un spa de Miami burl\u00e1ndose de la situaci\u00f3n econ\u00f3mica y pol\u00edtica del pa\u00eds y de los trabajadores.<\/p>\n<p>Seg\u00fan se pudo saber, no ser\u00eda el \u00fanico funcionario involucrado en hechos de corrupci\u00f3n que no pueden justificar su patrimonio. Estamos preparando un informe sobre el negocio de los corsos en Avellaneda, donde han quedado involucrados algunos funcionarios, empleados y ex concejales, hay un gran negociado en la obra p\u00fablica con obras otorgadas a \u00abamigos\u00bb y con problemas para justificar el presupuesto, etc.<\/p>\n<p>En un gobierno que prometi\u00f3 un cambio, deber\u00eda auditarse lo recibido por Ramos y que responda ante la justicia por lo que corresponda, \u00e9l y quienes no controlaron sus actos.<\/p>\n<p><a href=\"http:\/\/www.elsindical.com.ar\/notas\/var\/www\/html\/notas\/wp-content\/uploads\/2017\/03\/Sebasti\u00e1n-Ramos-02.jpg\"><img loading=\"lazy\" decoding=\"async\" class=\"alignnone size-medium wp-image-66539\" src=\"http:\/\/www.elsindical.com.ar\/notas\/var\/www\/html\/notas\/wp-content\/uploads\/2017\/03\/Sebasti\u00e1n-Ramos-02-300x225.jpg\" alt=\"\" width=\"300\" height=\"225\" srcset=\"https:\/\/www.elsindical.com.ar\/notas\/var\/www\/html\/notas\/wp-content\/uploads\/2017\/03\/Sebasti\u00e1n-Ramos-02-300x225.jpg 300w, https:\/\/www.elsindical.com.ar\/notas\/var\/www\/html\/notas\/wp-content\/uploads\/2017\/03\/Sebasti\u00e1n-Ramos-02-400x300.jpg 400w, https:\/\/www.elsindical.com.ar\/notas\/var\/www\/html\/notas\/wp-content\/uploads\/2017\/03\/Sebasti\u00e1n-Ramos-02.jpg 738w\" sizes=\"auto, (max-width: 300px) 100vw, 300px\" \/><\/a> <a href=\"http:\/\/www.elsindical.com.ar\/notas\/var\/www\/html\/notas\/wp-content\/uploads\/2017\/03\/Sebasti\u00e1n-Ramos-01.jpg\"><img loading=\"lazy\" decoding=\"async\" class=\"alignnone size-medium wp-image-66540\" src=\"http:\/\/www.elsindical.com.ar\/notas\/var\/www\/html\/notas\/wp-content\/uploads\/2017\/03\/Sebasti\u00e1n-Ramos-01-300x187.jpg\" alt=\"\" width=\"300\" height=\"187\" srcset=\"https:\/\/www.elsindical.com.ar\/notas\/var\/www\/html\/notas\/wp-content\/uploads\/2017\/03\/Sebasti\u00e1n-Ramos-01-300x187.jpg 300w, https:\/\/www.elsindical.com.ar\/notas\/var\/www\/html\/notas\/wp-content\/uploads\/2017\/03\/Sebasti\u00e1n-Ramos-01-480x300.jpg 480w, https:\/\/www.elsindical.com.ar\/notas\/var\/www\/html\/notas\/wp-content\/uploads\/2017\/03\/Sebasti\u00e1n-Ramos-01.jpg 738w\" sizes=\"auto, (max-width: 300px) 100vw, 300px\" \/><\/a><\/p>\n<p><iframe loading=\"lazy\" src=\"https:\/\/www.youtube.com\/embed\/pG4KxLMghnQ\" width=\"580\" height=\"420\" frameborder=\"0\" allowfullscreen=\"allowfullscreen\"><\/iframe><br \/>\n<strong>Por Marcelo Ricardo Hawrylciw<\/strong><\/p>\n","protected":false},"excerpt":{"rendered":"<p>Mucho se ha hablado de la corrupci\u00f3n entre varios de los funcionarios de la gesti\u00f3n del intendente Jorge Ferraresi, denuncias en las redes y denuncias en el municipio suelen pasar sin mayores consecuencias y no son pocos los funcionarios que se sorprenden por como el intendente ignora los reclamos de los vecinos, muchas veces sosteniendo&hellip;<\/p>\n","protected":false},"author":1,"featured_media":0,"comment_status":"open","ping_status":"open","sticky":false,"template":"","format":"standard","meta":{"footnotes":""},"categories":[10],"tags":[1451,22020,1062,3094,25577],"class_list":["post-66538","post","type-post","status-publish","format-standard","hentry","category-editorial","tag-corrupcion","tag-denuncias","tag-jorge-ferraresi","tag-miami","tag-sebastan-marcos-ramos"],"_links":{"self":[{"href":"https:\/\/www.elsindical.com.ar\/notas\/wp-json\/wp\/v2\/posts\/66538","targetHints":{"allow":["GET"]}}],"collection":[{"href":"https:\/\/www.elsindical.com.ar\/notas\/wp-json\/wp\/v2\/posts"}],"about":[{"href":"https:\/\/www.elsindical.com.ar\/notas\/wp-json\/wp\/v2\/types\/post"}],"author":[{"embeddable":true,"href":"https:\/\/www.elsindical.com.ar\/notas\/wp-json\/wp\/v2\/users\/1"}],"replies":[{"embeddable":true,"href":"https:\/\/www.elsindical.com.ar\/notas\/wp-json\/wp\/v2\/comments?post=66538"}],"version-history":[{"count":1,"href":"https:\/\/www.elsindical.com.ar\/notas\/wp-json\/wp\/v2\/posts\/66538\/revisions"}],"predecessor-version":[{"id":66541,"href":"https:\/\/www.elsindical.com.ar\/notas\/wp-json\/wp\/v2\/posts\/66538\/revisions\/66541"}],"wp:attachment":[{"href":"https:\/\/www.elsindical.com.ar\/notas\/wp-json\/wp\/v2\/media?parent=66538"}],"wp:term":[{"taxonomy":"category","embeddable":true,"href":"https:\/\/www.elsindical.com.ar\/notas\/wp-json\/wp\/v2\/categories?post=66538"},{"taxonomy":"post_tag","embeddable":true,"href":"https:\/\/www.elsindical.com.ar\/notas\/wp-json\/wp\/v2\/tags?post=66538"}],"curies":[{"name":"wp","href":"https:\/\/api.w.org\/{rel}","templated":true}]}}