{"id":66536,"date":"2017-03-25T00:01:52","date_gmt":"2017-03-25T03:01:52","guid":{"rendered":"http:\/\/www.elsindical.com.ar\/notas\/?p=66536"},"modified":"2017-03-24T23:42:00","modified_gmt":"2017-03-25T02:42:00","slug":"efemerides-del-dia-25-de-marzo-4","status":"publish","type":"post","link":"https:\/\/www.elsindical.com.ar\/notas\/efemerides-del-dia-25-de-marzo-4\/","title":{"rendered":"EFEM\u00c9RIDES: DEL D\u00cdA 25 DE MARZO"},"content":{"rendered":"<p>\u2013 D\u00eda de la independencia en Grecia.<\/p>\n<p>\u2013 Hasta la reforma del calendario de 1582 el 25 de marzo era el primer d\u00eda del a\u00f1o para los cristianos.<\/p>\n<p>\u2013 D\u00eda Internacional de Recuerdo de las V\u00edctimas de la Esclavitud y la Trata Transatl\u00e1ntica de Esclavos.<\/p>\n<p>1133 \u2013 nace Enrique II de Inglaterra.<\/p>\n<p>1614 \u2013 Nace Juan Carre\u00f1o de Miranda, pintor.<\/p>\n<p>1655 \u2013 Christiaan Huygens descubre Tit\u00e1n, sat\u00e9lite de Saturno.<\/p>\n<p>1752 \u2013 Hundimiento de la mayor parte de la catedral de Buenos Aires. Tras su reconstrucci\u00f3n, fue nuevamente abierta al culto el 25 de marzo de 1791.<\/p>\n<p>1767 \u2013 nace Joachim Murat, militar y noble franc\u00e9s.<\/p>\n<p>1789 \u2013 Goya es nombrado pintor de C\u00e1mara por Carlos IV.<\/p>\n<p>1793 \u2013 Espa\u00f1a declara la guerra a la Rep\u00fablica Francesa.<\/p>\n<p>1806 \u2013 El patriota venezolano Francisco Miranda intenta desembarcar con tres barcos en Ocumare (Venezuela), pero es rechazado por las fuerzas reales.<\/p>\n<p>1814 \u2013 Los patriotas venezolanos triunfan en San Mateo.<\/p>\n<p>1821 \u2013 Grecia celebra su independencia.<\/p>\n<p>1835 \u2013 Aparece el primer cuadernillo de los Cuentos de Andersen.<\/p>\n<p>1839 \u2013 Termina la colocaci\u00f3n del obelisco conmemorativo del 2 de mayo, en Madrid.<\/p>\n<p>1867 \u2013 Nace Arturo Toscanini, director de orquesta italiano.<\/p>\n<p>1876 \u2013 Primera competici\u00f3n ciclista de la historia, realizada den Cambridge, para establecer el r\u00e9cord de la hora.<\/p>\n<p>1881 \u2013 nacimiento de Bela Bartok, compositor h\u00fangaro<\/p>\n<p>1903 \u2013 El Gobierno argentino decreta la restauraci\u00f3n del regimiento de granaderos \u201cGeneral San Mart\u00edn\u201d.<\/p>\n<p>1908 \u2013 se funda el Clube Atl\u00e9tico Mineiro, de Belo Horizonte, Brasil.<\/p>\n<p>1908 \u2013 nace David Lean, cineasta brit\u00e1nico.<\/p>\n<p>1914 \u2013 nace Norman Ernest Borlaug, cient\u00edfico estadounidense.<\/p>\n<p>1915 \u2013 se funda el Mariano Melgar F\u00fatbol Club, de Arequipa, Per\u00fa.<\/p>\n<p>1917 \u2013 Abolida la pena de muerte en Rusia por el Gobierno reformista de Kerenski.<\/p>\n<p>1918 \u2013 Fallece Claude Debussy, compositor franc\u00e9s.<\/p>\n<p>1921 \u2013 nace Simone Signoret, actriz de cine francesa de origen alem\u00e1n.<\/p>\n<p>1923 \u2013 Se inicia en Santiago de Chile la V Conferencia Internacional en la que se firma el Tratado de Gondra, para el arreglo de conflictos entre Estados americanos.<\/p>\n<p>1924 \u2013 Proclamaci\u00f3n de la Rep\u00fablica en Grecia.<\/p>\n<p>1933 \u2013 Suprimidos en Alemania los sindicatos libres.<\/p>\n<p>1937 \u2013 Egipto es admitido en la Sociedad de Naciones.<\/p>\n<p>1941 \u2013 se suicida el actor argentino Florencio Parravicini.<\/p>\n<p>1942 \u2013 nace la cantante Aretha Franklin.<\/p>\n<p>1947 \u2013 Nace Elton John, cantante y compositor brit\u00e1nico.<\/p>\n<p>1953 \u2013 Coronaci\u00f3n del rey Husein de Jordania.<\/p>\n<p>1954 \u2013 RCA fabrica el primer televisor color.<\/p>\n<p>1955 \u2013 El Parlamento de la India declara ilegales las discriminaciones de que son v\u00edctimas los parias.<\/p>\n<p>1962 \u2013 Atentados de la OAS en Argelia causan la muerte de 110 personas.<\/p>\n<p>1968 \u2013 Comienza la revuelta estudiantil del \u201cMayo franc\u00e9s\u201d.<\/p>\n<p>1968 \u2013 nace Adri\u00e1n Suar, actor y productor televisivo argentino.<\/p>\n<p>1970 \u2013 el Concorde realiza su primer vuelo supers\u00f3nico.<\/p>\n<p>1970 \u2013 Bangla Desh se proclama rep\u00fablica independiente.<\/p>\n<p>1975 \u2013 El rey Faisal de Arabia Saud\u00ed muere asesinado a manos de su sobrino.<\/p>\n<p>1981 \u2013 Primera victoria de la selecci\u00f3n nacional de f\u00fatbol espa\u00f1ola en Inglaterra, por dos goles a uno.<\/p>\n<p>1983 \u2013 Mueren cien personas a consecuencia de un terremoto en Ir\u00e1n.<\/p>\n<p>1983 \u2013 Cient\u00edficos australianos implantan con \u00e9xito en una mujer un embri\u00f3n congelado.<\/p>\n<p>1984 \u2013 Se aprueba la Ley Electoral en Nicaragua.<\/p>\n<p>1987 \u2013 Sexta enc\u00edclica del Papa Juan Pablo II, \u201cRedemptoris Mater\u201d, que versa sobre la Virgen Mar\u00eda.<\/p>\n<p>1991 \u2013 Fallece Marcel Lefebvre, obispo tradicionalista franc\u00e9s, cr\u00edtico de las reformas del Concilio Vaticano II.<\/p>\n<p>1993 \u2013 Felipe Gonz\u00e1lez es abucheado por los estudiantes en una conferencia en la Universidad Aut\u00f3noma de Madrid.<\/p>\n<p>1994 \u2013 Los \u00faltimos soldados estadounidenses destacados en Somalia abandonan el pa\u00eds.<\/p>\n<p>1996 \u2013 El Comit\u00e9 Veterinario de la UE proh\u00edbe las exportaciones de vacunos brit\u00e1nico y sus productos derivados, a causa de la enfermedad de la \u201cvaca loca\u201d.<\/p>\n<p>1996 \u2013 China da por terminadas sus maniobras frente a Taiwan y Estados Unidos retira su flota.<\/p>\n<p>1997 \u2013 el juez espa\u00f1ol Baltazar Garz\u00f3n ordena prisi\u00f3n incondicional para el ex presidente argentino Galtieri por 350 desaparecidos espa\u00f1oles.<\/p>\n<p>1997 \u2013 Son declaradas patrimonio de la Humanidad las ciudades espa\u00f1olas de Toledo, Segovia, C\u00f3rdoba, Avila, C\u00e1ceres, Salamanca y Santiago de Compostela.<\/p>\n<p>1998 \u2013 Dos ni\u00f1os matan a tiros a cuatro alumnas de una escuela de Arkansas (Estados Unidos).<\/p>\n<p>1999 \u2013 Primer ataque masivo de las fuerzas de la OTAN hacia las defensas serbias.<\/p>\n<p>1999 \u2013 La comisi\u00f3n de apelaci\u00f3n de la C\u00e1mara de los Lores rechaza por segunda vez la inmunidad del general chileno Augusto Pinochet.<\/p>\n<p>2001 \u2013 Muere\u00a0Lalo de los Santos (45), bajista y cantautor argentino.<\/p>\n<p>2006 \u2013 muere Roc\u00edo D\u00farcal, cantante y actriz espa\u00f1ola.<\/p>\n<p>2011 \u2013 Muere\u00a0Hugo Mid\u00f3n, actor y director argentino.<\/p>\n<p>2012 \u2013 Muere\u00a0Antonio Tabucchi, escritor italiano.<\/p>\n<p>2013 \u2013 muere Cal\u00edgula, actor y humorista argentino.<\/p>\n","protected":false},"excerpt":{"rendered":"<p>\u2013 D\u00eda de la independencia en Grecia. \u2013 Hasta la reforma del calendario de 1582 el 25 de marzo era el primer d\u00eda del a\u00f1o para los cristianos. \u2013 D\u00eda Internacional de Recuerdo de las V\u00edctimas de la Esclavitud y la Trata Transatl\u00e1ntica de Esclavos. 1133 \u2013 nace Enrique II de Inglaterra. 1614 \u2013 Nace&hellip;<\/p>\n","protected":false},"author":1,"featured_media":0,"comment_status":"open","ping_status":"open","sticky":false,"template":"","format":"standard","meta":{"footnotes":""},"categories":[14],"tags":[],"class_list":["post-66536","post","type-post","status-publish","format-standard","hentry","category-efemerides"],"_links":{"self":[{"href":"https:\/\/www.elsindical.com.ar\/notas\/wp-json\/wp\/v2\/posts\/66536","targetHints":{"allow":["GET"]}}],"collection":[{"href":"https:\/\/www.elsindical.com.ar\/notas\/wp-json\/wp\/v2\/posts"}],"about":[{"href":"https:\/\/www.elsindical.com.ar\/notas\/wp-json\/wp\/v2\/types\/post"}],"author":[{"embeddable":true,"href":"https:\/\/www.elsindical.com.ar\/notas\/wp-json\/wp\/v2\/users\/1"}],"replies":[{"embeddable":true,"href":"https:\/\/www.elsindical.com.ar\/notas\/wp-json\/wp\/v2\/comments?post=66536"}],"version-history":[{"count":1,"href":"https:\/\/www.elsindical.com.ar\/notas\/wp-json\/wp\/v2\/posts\/66536\/revisions"}],"predecessor-version":[{"id":66537,"href":"https:\/\/www.elsindical.com.ar\/notas\/wp-json\/wp\/v2\/posts\/66536\/revisions\/66537"}],"wp:attachment":[{"href":"https:\/\/www.elsindical.com.ar\/notas\/wp-json\/wp\/v2\/media?parent=66536"}],"wp:term":[{"taxonomy":"category","embeddable":true,"href":"https:\/\/www.elsindical.com.ar\/notas\/wp-json\/wp\/v2\/categories?post=66536"},{"taxonomy":"post_tag","embeddable":true,"href":"https:\/\/www.elsindical.com.ar\/notas\/wp-json\/wp\/v2\/tags?post=66536"}],"curies":[{"name":"wp","href":"https:\/\/api.w.org\/{rel}","templated":true}]}}