{"id":66534,"date":"2017-03-24T11:14:20","date_gmt":"2017-03-24T14:14:20","guid":{"rendered":"http:\/\/www.elsindical.com.ar\/notas\/?p=66534"},"modified":"2017-03-24T11:14:20","modified_gmt":"2017-03-24T14:14:20","slug":"cavalieri-prefirio-al-gobierno-y-se-alejo-de-los-trabajadores-en-las-paritarias","status":"publish","type":"post","link":"https:\/\/www.elsindical.com.ar\/notas\/cavalieri-prefirio-al-gobierno-y-se-alejo-de-los-trabajadores-en-las-paritarias\/","title":{"rendered":"Cavalieri prefiri\u00f3 al gobierno y se alej\u00f3 de los trabajadores en las paritarias"},"content":{"rendered":"<p><em>\u00a0 <a href=\"http:\/\/www.elsindical.com.ar\/notas\/var\/www\/html\/notas\/wp-content\/uploads\/2011\/06\/Armando-Cavalieri.jpg\"><img loading=\"lazy\" decoding=\"async\" class=\"alignnone size-medium wp-image-14573\" src=\"http:\/\/www.elsindical.com.ar\/notas\/var\/www\/html\/notas\/wp-content\/uploads\/2011\/06\/Armando-Cavalieri-300x188.jpg\" alt=\"\" width=\"300\" height=\"188\" srcset=\"https:\/\/www.elsindical.com.ar\/notas\/var\/www\/html\/notas\/wp-content\/uploads\/2011\/06\/Armando-Cavalieri-300x188.jpg 300w, https:\/\/www.elsindical.com.ar\/notas\/var\/www\/html\/notas\/wp-content\/uploads\/2011\/06\/Armando-Cavalieri.jpg 413w\" sizes=\"auto, (max-width: 300px) 100vw, 300px\" \/><\/a>En un gesto de \u201creconciliaci\u00f3n\u201d con el Gobierno, Armando Cavalieri cierra una recomposici\u00f3n salarial del 20% en dos tramos. Busca encausar las peleas salariales que vienen.<\/em><\/p>\n<p>Tras una negociaci\u00f3n herm\u00e9tica, el Sindicato de Empleados de Comercio (SEC), que representa a m\u00e1s de un mill\u00f3n de trabajadores en todo el pa\u00eds, est\u00e1 cerrando en estos momentos, con las c\u00e1maras del sector, un acuerdo salarial del 20% de recomposici\u00f3n anual.<\/p>\n<p>El incremento ser\u00e1 por semestre. Una suba de 10% a partir de abril y el porcentaje restante en julio. Adem\u00e1s, contempla una \u201ccl\u00e1usula gatillo\u201d de revisi\u00f3n en octubre y en enero de 2018 en caso de que la inflaci\u00f3n supere el 20 por ciento.<\/p>\n<p>El convenio se firma entre el titular del gremio Armando Cavalieri, y los representantes empresariales Carlos de la Vega, presidente de la C\u00e1mara Argentina de Comercio (CAC), y Osvaldo Cornide, de la Confederaci\u00f3n de la Mediana Empresa (CAME).<\/p>\n<p>Adem\u00e1s lo rubricar\u00e1n en el Ministerio de Trabajo frente al titular de la cartera, Jorge Triaca, en lo que es toda una se\u00f1al de reconciliaci\u00f3n de un pope cegetista con la gesti\u00f3n de Mauricio Macri.<\/p>\n<p>De esta manera, el Gobierno avala un aumento \u201cun par de puntitos\u201d por encima del \u201ctecho\u201d del 18% que hab\u00eda promovido desde principio de a\u00f1o y que gener\u00f3 tanto malestar entre los sindicatos.<\/p>\n<p>Se trat\u00f3 de uno de los principales reclamos que la CGT expres\u00f3 en la masiva movilizaci\u00f3n de hace dos semanas.<\/p>\n<p>La Casa Rosada eligi\u00f3 a un dirigente gremial \u201caliado\u201d para poner pa\u00f1os fr\u00edos en la tensa relaci\u00f3n que ahora mantiene con la central obrera. Cavalieri es uno de los dirigentes que se opuso internamente al paro que convoc\u00f3 la CGT para el 6 de abril.<\/p>\n","protected":false},"excerpt":{"rendered":"<p>\u00a0 En un gesto de \u201creconciliaci\u00f3n\u201d con el Gobierno, Armando Cavalieri cierra una recomposici\u00f3n salarial del 20% en dos tramos. Busca encausar las peleas salariales que vienen. Tras una negociaci\u00f3n herm\u00e9tica, el Sindicato de Empleados de Comercio (SEC), que representa a m\u00e1s de un mill\u00f3n de trabajadores en todo el pa\u00eds, est\u00e1 cerrando en estos&hellip;<\/p>\n","protected":false},"author":1,"featured_media":0,"comment_status":"open","ping_status":"open","sticky":false,"template":"","format":"standard","meta":{"footnotes":""},"categories":[16],"tags":[1289,16495,7187,7022],"class_list":["post-66534","post","type-post","status-publish","format-standard","hentry","category-gremiales","tag-armando-cavalieri","tag-cac","tag-came","tag-sec"],"_links":{"self":[{"href":"https:\/\/www.elsindical.com.ar\/notas\/wp-json\/wp\/v2\/posts\/66534","targetHints":{"allow":["GET"]}}],"collection":[{"href":"https:\/\/www.elsindical.com.ar\/notas\/wp-json\/wp\/v2\/posts"}],"about":[{"href":"https:\/\/www.elsindical.com.ar\/notas\/wp-json\/wp\/v2\/types\/post"}],"author":[{"embeddable":true,"href":"https:\/\/www.elsindical.com.ar\/notas\/wp-json\/wp\/v2\/users\/1"}],"replies":[{"embeddable":true,"href":"https:\/\/www.elsindical.com.ar\/notas\/wp-json\/wp\/v2\/comments?post=66534"}],"version-history":[{"count":1,"href":"https:\/\/www.elsindical.com.ar\/notas\/wp-json\/wp\/v2\/posts\/66534\/revisions"}],"predecessor-version":[{"id":66535,"href":"https:\/\/www.elsindical.com.ar\/notas\/wp-json\/wp\/v2\/posts\/66534\/revisions\/66535"}],"wp:attachment":[{"href":"https:\/\/www.elsindical.com.ar\/notas\/wp-json\/wp\/v2\/media?parent=66534"}],"wp:term":[{"taxonomy":"category","embeddable":true,"href":"https:\/\/www.elsindical.com.ar\/notas\/wp-json\/wp\/v2\/categories?post=66534"},{"taxonomy":"post_tag","embeddable":true,"href":"https:\/\/www.elsindical.com.ar\/notas\/wp-json\/wp\/v2\/tags?post=66534"}],"curies":[{"name":"wp","href":"https:\/\/api.w.org\/{rel}","templated":true}]}}