{"id":66524,"date":"2017-03-24T08:31:25","date_gmt":"2017-03-24T11:31:25","guid":{"rendered":"http:\/\/www.elsindical.com.ar\/notas\/?p=66524"},"modified":"2017-03-24T08:31:25","modified_gmt":"2017-03-24T11:31:25","slug":"pilar-detienen-a-dos-falsos-policias-luego-de-una-persecucion","status":"publish","type":"post","link":"https:\/\/www.elsindical.com.ar\/notas\/pilar-detienen-a-dos-falsos-policias-luego-de-una-persecucion\/","title":{"rendered":"Pilar: Detienen a dos falsos polic\u00edas luego de una persecuci\u00f3n"},"content":{"rendered":"<p><em><a href=\"http:\/\/www.elsindical.com.ar\/notas\/var\/www\/html\/notas\/wp-content\/uploads\/2017\/03\/falso-polic\u00eda-detenido.jpg\"><img loading=\"lazy\" decoding=\"async\" class=\"alignnone size-medium wp-image-66525\" src=\"http:\/\/www.elsindical.com.ar\/notas\/var\/www\/html\/notas\/wp-content\/uploads\/2017\/03\/falso-polic\u00eda-detenido-300x215.jpg\" alt=\"\" width=\"300\" height=\"215\" srcset=\"https:\/\/www.elsindical.com.ar\/notas\/var\/www\/html\/notas\/wp-content\/uploads\/2017\/03\/falso-polic\u00eda-detenido-300x215.jpg 300w, https:\/\/www.elsindical.com.ar\/notas\/var\/www\/html\/notas\/wp-content\/uploads\/2017\/03\/falso-polic\u00eda-detenido-418x300.jpg 418w, https:\/\/www.elsindical.com.ar\/notas\/var\/www\/html\/notas\/wp-content\/uploads\/2017\/03\/falso-polic\u00eda-detenido.jpg 680w\" sizes=\"auto, (max-width: 300px) 100vw, 300px\" \/><\/a>\u00a0 Al cabo de una cinematogr\u00e1fica persecuci\u00f3n de 15 cuadras, dos ladrones, que integraban una peligrosa banda de falsos polic\u00edas, fueron detenidos ayer por las autoridades. El tremendo suceso comenz\u00f3 tras el asalto a un comercio en la localidad bonaerense de Del Viso y finaliz\u00f3 en jurisdicci\u00f3n de Manuel Alberti, en el partido de Pilar.<\/em><\/p>\n<p>Los marginales efectuaron disparos contra los funcionarios. Un tercer miembro de la bestial gavilla logr\u00f3 darse a la fuga y ahora es buscado de manera intensa por los pesquisas. Los voceros de los tribunales de San Isidro revelaron que los hechos empezaron cuando los tres hampones, quienes se desplazaban a bordo de un VW Gol verde, arribaron a un negocio de venta de aberturas que est\u00e1 situado en el cruce de la avenida Ingeniero Eduardo Madero (la ruta provincial 26) y la calle Polonia, en Del Viso, en el norte del conurbano provincial.<\/p>\n<p>Dos de los maleantes, provistos de armas de fuego, ingresaron al establecimiento, mientras que el tercero permaneci\u00f3, en tareas de \u00abcampana\u00bb, al volante del rodado, a pocos metros del local. Con una suma de dinero en su poder, el grupo huy\u00f3 r\u00e1pidamente en el veh\u00edculo.<\/p>\n<p>Sin embargo, los individuos fueron interceptados por los polic\u00edas del Comando Patrulla (C.P.) de Pilar y entonces se origin\u00f3 una tremenda persecuci\u00f3n en la que, seg\u00fan las versiones, los delincuentes comenzaron a efectuar disparos contra los servidores p\u00fablicos, quienes no habr\u00edan repelido esa agresi\u00f3n para no herir a las personas inocentes que se hallaban en el vecindario.<\/p>\n<p>De acuerdo con lo manifestado por los informantes, la huida de los sujetos finaliz\u00f3 en la esquina de Los Aromos y Oliden, en Manuel Alberti. Uno de los malvivientes baj\u00f3 del autom\u00f3vil y escap\u00f3 a la carrera, mientras que los restantes lograron refugiarse en diferentes viviendas de la zona, oportunidad en la que ambos finalizaron apresados.<\/p>\n<p>Trascendi\u00f3 que al revisar una de las casas (en la que se asegura resid\u00eda uno de los asaltantes), los integrantes de la comisar\u00eda de Manuel Alberti (4\u00aa de Pilar) incautaron numerosos uniformes policiales, chalecos antibalas y diferentes armas de fuego (algunas de ellas con miras telesc\u00f3picas).<\/p>\n<p>Bas\u00e1ndose en los datos obtenidos hasta el momento, los investigadores de la seccional sospechan que los delincuentes ser\u00edan responsables de numerosos robos consumados recientemente en Pilar. Los pesquisas buscan al individuo que logr\u00f3 darse a la fuga.<\/p>\n<p>Intervino en la causa el doctor Leonardo Lortestein, fiscal en turno de la Unidad Funcional N\u00ba 2 de Pilar, dependiente del departamento judicial de San Isidro.<\/p>\n","protected":false},"excerpt":{"rendered":"<p>\u00a0 Al cabo de una cinematogr\u00e1fica persecuci\u00f3n de 15 cuadras, dos ladrones, que integraban una peligrosa banda de falsos polic\u00edas, fueron detenidos ayer por las autoridades. El tremendo suceso comenz\u00f3 tras el asalto a un comercio en la localidad bonaerense de Del Viso y finaliz\u00f3 en jurisdicci\u00f3n de Manuel Alberti, en el partido de Pilar.&hellip;<\/p>\n","protected":false},"author":1,"featured_media":0,"comment_status":"open","ping_status":"open","sticky":false,"template":"","format":"standard","meta":{"footnotes":""},"categories":[22],"tags":[25568,4350,6690,1411],"class_list":["post-66524","post","type-post","status-publish","format-standard","hentry","category-policiales","tag-c-p-pilar","tag-del-viso","tag-manuel-alberti","tag-pilar"],"_links":{"self":[{"href":"https:\/\/www.elsindical.com.ar\/notas\/wp-json\/wp\/v2\/posts\/66524","targetHints":{"allow":["GET"]}}],"collection":[{"href":"https:\/\/www.elsindical.com.ar\/notas\/wp-json\/wp\/v2\/posts"}],"about":[{"href":"https:\/\/www.elsindical.com.ar\/notas\/wp-json\/wp\/v2\/types\/post"}],"author":[{"embeddable":true,"href":"https:\/\/www.elsindical.com.ar\/notas\/wp-json\/wp\/v2\/users\/1"}],"replies":[{"embeddable":true,"href":"https:\/\/www.elsindical.com.ar\/notas\/wp-json\/wp\/v2\/comments?post=66524"}],"version-history":[{"count":1,"href":"https:\/\/www.elsindical.com.ar\/notas\/wp-json\/wp\/v2\/posts\/66524\/revisions"}],"predecessor-version":[{"id":66526,"href":"https:\/\/www.elsindical.com.ar\/notas\/wp-json\/wp\/v2\/posts\/66524\/revisions\/66526"}],"wp:attachment":[{"href":"https:\/\/www.elsindical.com.ar\/notas\/wp-json\/wp\/v2\/media?parent=66524"}],"wp:term":[{"taxonomy":"category","embeddable":true,"href":"https:\/\/www.elsindical.com.ar\/notas\/wp-json\/wp\/v2\/categories?post=66524"},{"taxonomy":"post_tag","embeddable":true,"href":"https:\/\/www.elsindical.com.ar\/notas\/wp-json\/wp\/v2\/tags?post=66524"}],"curies":[{"name":"wp","href":"https:\/\/api.w.org\/{rel}","templated":true}]}}