{"id":6649,"date":"2010-05-18T06:59:00","date_gmt":"2010-05-18T09:59:00","guid":{"rendered":"http:\/\/www.elsindical.com.ar\/notas\/?p=6649"},"modified":"2010-05-18T06:59:00","modified_gmt":"2010-05-18T09:59:00","slug":"se-viene-el-cabaret-del-banco-ciudad","status":"publish","type":"post","link":"https:\/\/www.elsindical.com.ar\/notas\/se-viene-el-cabaret-del-banco-ciudad\/","title":{"rendered":"Se viene el Cabaret del Banco Ciudad"},"content":{"rendered":"<p style=\"text-align: justify;\"><a href=\"http:\/\/www.elsindical.com.ar\/notas\/var\/www\/html\/notas\/wp-content\/uploads\/2010\/05\/cabaret-Banco-Ciudad.jpg\"><img loading=\"lazy\" decoding=\"async\" class=\"alignleft size-medium wp-image-6650\" title=\"cabaret-Banco-Ciudad\" src=\"http:\/\/www.elsindical.com.ar\/notas\/var\/www\/html\/notas\/wp-content\/uploads\/2010\/05\/cabaret-Banco-Ciudad-300x225.jpg\" alt=\"\" width=\"300\" height=\"225\" srcset=\"https:\/\/www.elsindical.com.ar\/notas\/var\/www\/html\/notas\/wp-content\/uploads\/2010\/05\/cabaret-Banco-Ciudad-300x225.jpg 300w, https:\/\/www.elsindical.com.ar\/notas\/var\/www\/html\/notas\/wp-content\/uploads\/2010\/05\/cabaret-Banco-Ciudad.jpg 425w\" sizes=\"auto, (max-width: 300px) 100vw, 300px\" \/><\/a>Los pedidos de informes que desde este medio hemos venido solicitando al Banco Ciudad, algunas dudosas licitaciones y los contactos entre algunos empleados del banco con proveedores que van m\u00e1s all\u00e1 de las cuestiones l\u00f3gicas, han comenzado a incomodar a varios, que con buen tino, presuponen que se publicaran los resultados de la investigaci\u00f3n period\u00edstica y deber\u00e1n dar algunas explicaciones para que todos entendamos el crecimiento patrimonial de algunos de estos.<\/p>\n<p style=\"text-align: justify;\">A tal punto algunos est\u00e1n nerviosos, que un personaje del banco que a\u00f1ora su lugar de Jefe y ahora es l\u00edder, trat\u00f3 de contactarnos preocupado por lo que se va a ir publicando y que quede en evidencia de que hay varios que desde sus lugares \u201cjuegan\u201d a desestabilizar a superiores para posicionarse mejor, curiosamente muchos de estos, antes y despu\u00e9s de sus acciones suelen darse una vueltita por la gremial interna, algo as\u00ed como ir a pedir \u201cla bendici\u00f3n\u201d de San Maggio.<\/p>\n<p style=\"text-align: justify;\">Uno de estos personajes que deber\u00eda justificar varias \u201ccositas\u201d ha ca\u00eddo en desgracia al intentar \u201cboicotear\u201d una vez m\u00e1s a su jefe, pero esta vez las cosas no se le hicieron f\u00e1cil y est\u00e1 desesperado de que deba explicar \u00edntimas relaciones con proveedores de su \u00e1rea, el mal funcionamiento de varios elementos en los que \u00e9l particip\u00f3 y los comentarios descalificantes que viene desparramando de su jefe y que motivan algunos comentarios en volantes de una fracci\u00f3n gremial que repite lo que este personaje les dice. Fuentes de la actual gremial confirman que este \u201cjefe\u201d ya ha tenido varias reuniones con la gremial buscando apoyo ante una eventual medida en su contra, obviamente omitiendo mencionar las causales por las que podr\u00eda terminar en problemas.<\/p>\n<p style=\"text-align: justify;\">Consultados varios compa\u00f1eros reconocen que cambio desde que pas\u00f3 a su actual destino y que se la crey\u00f3, hasta que vio como sus sue\u00f1os de estar a cargo se esfumaron y otro ocup\u00f3 su lugar, se resinti\u00f3 con el banco y comenz\u00f3 a conspirar contra quien ocupaba ese lugar que quer\u00eda para \u00e9l, lo ir\u00f3nico, es que sin ponerse colorado, hace poco fue a visitar a su antiguo jefe y objetivo, para pedirle ayuda, obviamente a cambio de informaci\u00f3n de su lugar de trabajo, es decir un mercenario del chisme.<\/p>\n<p style=\"text-align: justify;\">Con este panorama, con la lucha de las listas que se presentan para una nueva comisi\u00f3n gremial interna, el cabaret va tomando forma, con las quejas de los vigiladores de la empresa Murata que nos han hecho llegar por las demoras en los haberes y la solicitada acusando al gobierno de la Ciudad de intentar beneficiar a empresas extranjeras, sumado a las chicanas a la hora de facilitarnos material del Directorio del banco y el poco conocimiento de varios hechos de parte de la s\u00edndico, auguramos unos meses entretenidos de acusaciones cruzadas, de traiciones, de \u201csabotajes\u201d, infidelidades y denuncias varias.<\/p>\n<p style=\"text-align: justify;\">Cuando la investigaci\u00f3n de este medio estaba terminando son muchos los que ahora nos buscan para decir lo que antes callaban y uno que quiere \u201crugir\u201d hasta la victoria siempre.<\/p>\n","protected":false},"excerpt":{"rendered":"<p>Los pedidos de informes que desde este medio hemos venido solicitando al Banco Ciudad, algunas dudosas licitaciones y los contactos entre algunos empleados del banco con proveedores que van m\u00e1s all\u00e1 de las cuestiones l\u00f3gicas, han comenzado a incomodar a varios, que con buen tino, presuponen que se publicaran los resultados de la investigaci\u00f3n period\u00edstica&hellip;<\/p>\n","protected":false},"author":1,"featured_media":0,"comment_status":"open","ping_status":"open","sticky":false,"template":"","format":"standard","meta":{"footnotes":""},"categories":[12],"tags":[35,2530,22020,3427,613],"class_list":["post-6649","post","type-post","status-publish","format-standard","hentry","category-investigacion","tag-banco-ciudad","tag-cabaret","tag-denuncias","tag-murata","tag-seguridad"],"_links":{"self":[{"href":"https:\/\/www.elsindical.com.ar\/notas\/wp-json\/wp\/v2\/posts\/6649","targetHints":{"allow":["GET"]}}],"collection":[{"href":"https:\/\/www.elsindical.com.ar\/notas\/wp-json\/wp\/v2\/posts"}],"about":[{"href":"https:\/\/www.elsindical.com.ar\/notas\/wp-json\/wp\/v2\/types\/post"}],"author":[{"embeddable":true,"href":"https:\/\/www.elsindical.com.ar\/notas\/wp-json\/wp\/v2\/users\/1"}],"replies":[{"embeddable":true,"href":"https:\/\/www.elsindical.com.ar\/notas\/wp-json\/wp\/v2\/comments?post=6649"}],"version-history":[{"count":1,"href":"https:\/\/www.elsindical.com.ar\/notas\/wp-json\/wp\/v2\/posts\/6649\/revisions"}],"predecessor-version":[{"id":6651,"href":"https:\/\/www.elsindical.com.ar\/notas\/wp-json\/wp\/v2\/posts\/6649\/revisions\/6651"}],"wp:attachment":[{"href":"https:\/\/www.elsindical.com.ar\/notas\/wp-json\/wp\/v2\/media?parent=6649"}],"wp:term":[{"taxonomy":"category","embeddable":true,"href":"https:\/\/www.elsindical.com.ar\/notas\/wp-json\/wp\/v2\/categories?post=6649"},{"taxonomy":"post_tag","embeddable":true,"href":"https:\/\/www.elsindical.com.ar\/notas\/wp-json\/wp\/v2\/tags?post=6649"}],"curies":[{"name":"wp","href":"https:\/\/api.w.org\/{rel}","templated":true}]}}