{"id":6636,"date":"2010-05-18T01:01:20","date_gmt":"2010-05-18T04:01:20","guid":{"rendered":"http:\/\/www.elsindical.com.ar\/notas\/?p=6636"},"modified":"2010-05-18T01:01:20","modified_gmt":"2010-05-18T04:01:20","slug":"trabajadores-gastronomicos-y-hoteleros-no-trabajaran-el-proximo-fin-de-semana","status":"publish","type":"post","link":"https:\/\/www.elsindical.com.ar\/notas\/trabajadores-gastronomicos-y-hoteleros-no-trabajaran-el-proximo-fin-de-semana\/","title":{"rendered":"Trabajadores gastron\u00f3micos y hoteleros no trabajar\u00e1n el pr\u00f3ximo fin de semana"},"content":{"rendered":"<p style=\"text-align: justify;\"><em><a href=\"http:\/\/www.elsindical.com.ar\/notas\/var\/www\/html\/notas\/wp-content\/uploads\/2010\/05\/UTHGRA-logo.jpg\"><img loading=\"lazy\" decoding=\"async\" class=\"alignleft size-full wp-image-6637\" title=\"UTHGRA-logo\" src=\"http:\/\/www.elsindical.com.ar\/notas\/var\/www\/html\/notas\/wp-content\/uploads\/2010\/05\/UTHGRA-logo.jpg\" alt=\"\" width=\"255\" height=\"67\" \/><\/a>La Uni\u00f3n de Trabajadores Hoteleros y Gastron\u00f3micos de la Rep\u00fablica Argentina (UTHGRA), que conduce Luis Barrionuevo, anunci\u00f3 un paro para el pr\u00f3ximo fin de semana largo, ante la \u00abnegativa empresaria\u00bb a otorgar el 34 por ciento de aumento salarial reclamado.<\/em><\/p>\n<p style=\"text-align: justify;\">El gremio inform\u00f3 que por la medida de fuerza \u00abdeber\u00e1n cerrar bares, restaurantes y los hoteles alojamiento, como as\u00ed tambi\u00e9n los de cuatro y cinco estrellas\u00bb.<\/p>\n<p style=\"text-align: justify;\">\u00a0\u00abTampoco deber\u00e1n atender los comedores p\u00fablicos y privados, los ubicados en escuelas, hospitales, sanatorios y f\u00e1bricas\u00bb, agreg\u00f3 la UTHGRA, en un comunicado de prensa.<\/p>\n<p style=\"text-align: justify;\">El gremio indic\u00f3 que \u00abla medida obedece a la negativa de las c\u00e1maras empresarias de otorgar un aumento salarial del 34 por ciento que reclaman los trabajadores y empleados gastron\u00f3micos\u00bb.<\/p>\n<p style=\"text-align: justify;\">La medida de fuerza est\u00e1 prevista para los d\u00edas 22, 23, 24 y 25 de mayo, puntualiz\u00f3 el gremio que conduce Barrionuevo, titular de la denominada CGT Azul y Blanca.<\/p>\n","protected":false},"excerpt":{"rendered":"<p>La Uni\u00f3n de Trabajadores Hoteleros y Gastron\u00f3micos de la Rep\u00fablica Argentina (UTHGRA), que conduce Luis Barrionuevo, anunci\u00f3 un paro para el pr\u00f3ximo fin de semana largo, ante la \u00abnegativa empresaria\u00bb a otorgar el 34 por ciento de aumento salarial reclamado. El gremio inform\u00f3 que por la medida de fuerza \u00abdeber\u00e1n cerrar bares, restaurantes y los&hellip;<\/p>\n","protected":false},"author":1,"featured_media":0,"comment_status":"open","ping_status":"open","sticky":false,"template":"","format":"standard","meta":{"footnotes":""},"categories":[16],"tags":[357,3418,1701,67,803,1702],"class_list":["post-6636","post","type-post","status-publish","format-standard","hentry","category-gremiales","tag-aumento","tag-fin-de-semana","tag-luis-barrionuevo","tag-paro","tag-salarios","tag-uthgra"],"_links":{"self":[{"href":"https:\/\/www.elsindical.com.ar\/notas\/wp-json\/wp\/v2\/posts\/6636","targetHints":{"allow":["GET"]}}],"collection":[{"href":"https:\/\/www.elsindical.com.ar\/notas\/wp-json\/wp\/v2\/posts"}],"about":[{"href":"https:\/\/www.elsindical.com.ar\/notas\/wp-json\/wp\/v2\/types\/post"}],"author":[{"embeddable":true,"href":"https:\/\/www.elsindical.com.ar\/notas\/wp-json\/wp\/v2\/users\/1"}],"replies":[{"embeddable":true,"href":"https:\/\/www.elsindical.com.ar\/notas\/wp-json\/wp\/v2\/comments?post=6636"}],"version-history":[{"count":1,"href":"https:\/\/www.elsindical.com.ar\/notas\/wp-json\/wp\/v2\/posts\/6636\/revisions"}],"predecessor-version":[{"id":6638,"href":"https:\/\/www.elsindical.com.ar\/notas\/wp-json\/wp\/v2\/posts\/6636\/revisions\/6638"}],"wp:attachment":[{"href":"https:\/\/www.elsindical.com.ar\/notas\/wp-json\/wp\/v2\/media?parent=6636"}],"wp:term":[{"taxonomy":"category","embeddable":true,"href":"https:\/\/www.elsindical.com.ar\/notas\/wp-json\/wp\/v2\/categories?post=6636"},{"taxonomy":"post_tag","embeddable":true,"href":"https:\/\/www.elsindical.com.ar\/notas\/wp-json\/wp\/v2\/tags?post=6636"}],"curies":[{"name":"wp","href":"https:\/\/api.w.org\/{rel}","templated":true}]}}