{"id":66233,"date":"2017-03-15T08:46:52","date_gmt":"2017-03-15T11:46:52","guid":{"rendered":"http:\/\/www.elsindical.com.ar\/notas\/?p=66233"},"modified":"2017-03-15T08:46:52","modified_gmt":"2017-03-15T11:46:52","slug":"movimientos-sociales-realizan-cortes-y-ollas-populares-en-la-ciudad-y-el-gba","status":"publish","type":"post","link":"https:\/\/www.elsindical.com.ar\/notas\/movimientos-sociales-realizan-cortes-y-ollas-populares-en-la-ciudad-y-el-gba\/","title":{"rendered":"Movimientos sociales realizan cortes y ollas populares en la Ciudad y el GBA"},"content":{"rendered":"<p><em>\u00a0\u00a0<a href=\"http:\/\/www.elsindical.com.ar\/notas\/var\/www\/html\/notas\/wp-content\/uploads\/2017\/03\/ollas-populares.jpg\"><img loading=\"lazy\" decoding=\"async\" class=\"alignnone size-medium wp-image-66234\" src=\"http:\/\/www.elsindical.com.ar\/notas\/var\/www\/html\/notas\/wp-content\/uploads\/2017\/03\/ollas-populares-300x170.jpg\" alt=\"\" width=\"300\" height=\"170\" srcset=\"https:\/\/www.elsindical.com.ar\/notas\/var\/www\/html\/notas\/wp-content\/uploads\/2017\/03\/ollas-populares-300x170.jpg 300w, https:\/\/www.elsindical.com.ar\/notas\/var\/www\/html\/notas\/wp-content\/uploads\/2017\/03\/ollas-populares-500x283.jpg 500w, https:\/\/www.elsindical.com.ar\/notas\/var\/www\/html\/notas\/wp-content\/uploads\/2017\/03\/ollas-populares.jpg 630w\" sizes=\"auto, (max-width: 300px) 100vw, 300px\" \/><\/a> Barrios de Pie, Corriente Clasista Combativa (CCC) y Confederaci\u00f3n de Trabajadores de la Econom\u00eda Popular (CTEP) inician una nueva movilizaci\u00f3n con ollas populares en diferentes puntos del pa\u00eds para protestar contra las medidas econ\u00f3micas del Gobierno y por la implementaci\u00f3n de la ley de emergencia social.<\/em><\/p>\n<p>Las organizaciones sociales Barrios de Pie, Corriente Clasista Combativa (CCC) y Confederaci\u00f3n de Trabajadores de la Econom\u00eda Popular (CTEP) se dispon\u00edan esta ma\u00f1ana a iniciar una nueva movilizaci\u00f3n con ollas populares en diferentes puntos del pa\u00eds para protestar contra las medidas econ\u00f3micas del Gobierno y por la implementaci\u00f3n de la ley de emergencia social.<\/p>\n<p>Si bien la medida estaba anunciada en principio para el pasado lunes, d\u00eda en el que se cumplieron adem\u00e1s cuatro a\u00f1os de la asunci\u00f3n de Jorge Bergoglio como Papa, los referentes de las organizaciones decidieron postergarlo para el mi\u00e9rcoles.<\/p>\n<p>Uno de los centros principales de la manifestaci\u00f3n ser\u00e1 en la Plaza de Mayo, frente a la Casa de Gobierno, en donde los manifestantes comenzar\u00e1n a reunirse desde temprano.<\/p>\n<p>La protesta se generar\u00e1 entonces a tres meses de haberse aprobado en el Congreso la ley de emergencia social, cuya implementaci\u00f3n fue uno de los reclamos que llevan adelante estos movimientos desde principio de a\u00f1o.<\/p>\n","protected":false},"excerpt":{"rendered":"<p>\u00a0\u00a0 Barrios de Pie, Corriente Clasista Combativa (CCC) y Confederaci\u00f3n de Trabajadores de la Econom\u00eda Popular (CTEP) inician una nueva movilizaci\u00f3n con ollas populares en diferentes puntos del pa\u00eds para protestar contra las medidas econ\u00f3micas del Gobierno y por la implementaci\u00f3n de la ley de emergencia social. Las organizaciones sociales Barrios de Pie, Corriente Clasista&hellip;<\/p>\n","protected":false},"author":1,"featured_media":0,"comment_status":"open","ping_status":"open","sticky":false,"template":"","format":"standard","meta":{"footnotes":""},"categories":[25],"tags":[12209,294,24120,25482,904],"class_list":["post-66233","post","type-post","status-publish","format-standard","hentry","category-sociedad","tag-ccc","tag-cortes","tag-ctep","tag-ollas-populares","tag-plaza-de-mayo"],"_links":{"self":[{"href":"https:\/\/www.elsindical.com.ar\/notas\/wp-json\/wp\/v2\/posts\/66233","targetHints":{"allow":["GET"]}}],"collection":[{"href":"https:\/\/www.elsindical.com.ar\/notas\/wp-json\/wp\/v2\/posts"}],"about":[{"href":"https:\/\/www.elsindical.com.ar\/notas\/wp-json\/wp\/v2\/types\/post"}],"author":[{"embeddable":true,"href":"https:\/\/www.elsindical.com.ar\/notas\/wp-json\/wp\/v2\/users\/1"}],"replies":[{"embeddable":true,"href":"https:\/\/www.elsindical.com.ar\/notas\/wp-json\/wp\/v2\/comments?post=66233"}],"version-history":[{"count":1,"href":"https:\/\/www.elsindical.com.ar\/notas\/wp-json\/wp\/v2\/posts\/66233\/revisions"}],"predecessor-version":[{"id":66235,"href":"https:\/\/www.elsindical.com.ar\/notas\/wp-json\/wp\/v2\/posts\/66233\/revisions\/66235"}],"wp:attachment":[{"href":"https:\/\/www.elsindical.com.ar\/notas\/wp-json\/wp\/v2\/media?parent=66233"}],"wp:term":[{"taxonomy":"category","embeddable":true,"href":"https:\/\/www.elsindical.com.ar\/notas\/wp-json\/wp\/v2\/categories?post=66233"},{"taxonomy":"post_tag","embeddable":true,"href":"https:\/\/www.elsindical.com.ar\/notas\/wp-json\/wp\/v2\/tags?post=66233"}],"curies":[{"name":"wp","href":"https:\/\/api.w.org\/{rel}","templated":true}]}}