{"id":66230,"date":"2017-03-15T00:54:43","date_gmt":"2017-03-15T03:54:43","guid":{"rendered":"http:\/\/www.elsindical.com.ar\/notas\/?p=66230"},"modified":"2017-03-15T00:54:43","modified_gmt":"2017-03-15T03:54:43","slug":"olavarria-imputaron-a-los-duenos-de-en-vivo-s-a","status":"publish","type":"post","link":"https:\/\/www.elsindical.com.ar\/notas\/olavarria-imputaron-a-los-duenos-de-en-vivo-s-a\/","title":{"rendered":"Olavarria: Imputaron a los due\u00f1os de \u00abEn Vivo S.A\u00bb"},"content":{"rendered":"<p><em><a href=\"http:\/\/www.elsindical.com.ar\/notas\/var\/www\/html\/notas\/wp-content\/uploads\/2017\/03\/Los-due\u00f1os-de-En-Vivo-SA.jpg\"><img loading=\"lazy\" decoding=\"async\" class=\"alignnone size-medium wp-image-66231\" src=\"http:\/\/www.elsindical.com.ar\/notas\/var\/www\/html\/notas\/wp-content\/uploads\/2017\/03\/Los-due\u00f1os-de-En-Vivo-SA-300x158.jpg\" alt=\"\" width=\"300\" height=\"158\" srcset=\"https:\/\/www.elsindical.com.ar\/notas\/var\/www\/html\/notas\/wp-content\/uploads\/2017\/03\/Los-due\u00f1os-de-En-Vivo-SA-300x158.jpg 300w, https:\/\/www.elsindical.com.ar\/notas\/var\/www\/html\/notas\/wp-content\/uploads\/2017\/03\/Los-due\u00f1os-de-En-Vivo-SA-500x263.jpg 500w, https:\/\/www.elsindical.com.ar\/notas\/var\/www\/html\/notas\/wp-content\/uploads\/2017\/03\/Los-due\u00f1os-de-En-Vivo-SA.jpg 680w\" sizes=\"auto, (max-width: 300px) 100vw, 300px\" \/><\/a>\u00a0\u00a0 As\u00ed lo dictamin\u00f3 la Fiscal Susana Alonso contra los hermanos Mat\u00edas y Marcos Peuscovich, l\u00edderes de la organizadora del show de Carlos Solari en Olavarr\u00eda, donde fallecieron dos personas. A\u00fan no les asignaron ning\u00fan delito ya que se est\u00e1n reuniendo pruebas para una futura declaraci\u00f3n indagatoria.<\/em><\/p>\n<p>La Fiscal Susana Alonso, a cargo de la investigaci\u00f3n de las dos muertes ocurridas en el recital del Indio Solari en Olavarr\u00eda, imput\u00f3 a los hermanos Mat\u00edas y Marcos Peuscovich, due\u00f1os de la productora En Vivo SA, organizadora del evento, aunque todav\u00eda no les asign\u00f3 ning\u00fan delito debido a que \u00abse est\u00e1n reuniendo pruebas\u00bb para llamarlos a declaraci\u00f3n indagatoria.<\/p>\n<p>El Fiscal General de Azul, \u00c1ngel Sobrino, dijo que \u00abse est\u00e1n reuniendo los elementos necesarios para evaluar qu\u00e9 delito se les imputa, t\u00e9cnicamente se les inform\u00f3 que est\u00e1n dentro de lo que dictamina el art\u00edculo 60 del C\u00f3digo Penal, mediante el cual dejan ya de estar en calidad de testigos\u00bb.<\/p>\n<p>Los hermanos Peuscovich organizan desde hace m\u00e1s de 10 a\u00f1os los recitales del Indio Solari y la Fiscal Alonso ya orden\u00f3 varios allanamientos, entre ellos su oficina de la calle Lavalle en la Ciudad de Buenos Aires. \u00abUno de los elementos que se est\u00e1 investigando es el contrato que firm\u00f3 el municipio de Olavarr\u00eda con la productora con el objetivo de establecer responsabilidades\u00bb, asegur\u00f3 Sobrino, quien detall\u00f3 que no se descarta que se llame al propio Indio Solari a ampliar su declaraci\u00f3n testimonial.<\/p>\n<p>Sobrino destac\u00f3 adem\u00e1s que de las siete denuncias por extrav\u00edo de personas formalizadas ante el 911 y comisar\u00edas, seis se encontraron y resta hallar a un hombre oriundo de Santiago del Estero. \u00abSomos conscientes de que existen b\u00fasquedas y denuncias que se realizan a trav\u00e9s de las redes sociales, por lo que instamos a esas personas a formalizar las denuncias en comisar\u00edas o a trav\u00e9s del 911\u00bb, dijo Sobrino.<\/p>\n<p>Indic\u00f3 adem\u00e1s que ya se han tomado \u00abgran cantidad de declaraciones testimoniales, entre los cuales hay polic\u00edas, personal de seguridad, efectores de salud y testigos de los hechos para determinar cual fue el control que hubo a la salida del recital, mientras que el intendente Ezequiel Galli fue nuevamente llamado a declarar hoy en calidad de testigo\u00bb.<\/p>\n","protected":false},"excerpt":{"rendered":"<p>\u00a0\u00a0 As\u00ed lo dictamin\u00f3 la Fiscal Susana Alonso contra los hermanos Mat\u00edas y Marcos Peuscovich, l\u00edderes de la organizadora del show de Carlos Solari en Olavarr\u00eda, donde fallecieron dos personas. A\u00fan no les asignaron ning\u00fan delito ya que se est\u00e1n reuniendo pruebas para una futura declaraci\u00f3n indagatoria. La Fiscal Susana Alonso, a cargo de la&hellip;<\/p>\n","protected":false},"author":1,"featured_media":0,"comment_status":"open","ping_status":"open","sticky":false,"template":"","format":"standard","meta":{"footnotes":""},"categories":[20],"tags":[25481,13582,8086],"class_list":["post-66230","post","type-post","status-publish","format-standard","hentry","category-judiciales","tag-fiscal-general-angel-sobrino","tag-fiscal-susana-alonso","tag-indio-solari"],"_links":{"self":[{"href":"https:\/\/www.elsindical.com.ar\/notas\/wp-json\/wp\/v2\/posts\/66230","targetHints":{"allow":["GET"]}}],"collection":[{"href":"https:\/\/www.elsindical.com.ar\/notas\/wp-json\/wp\/v2\/posts"}],"about":[{"href":"https:\/\/www.elsindical.com.ar\/notas\/wp-json\/wp\/v2\/types\/post"}],"author":[{"embeddable":true,"href":"https:\/\/www.elsindical.com.ar\/notas\/wp-json\/wp\/v2\/users\/1"}],"replies":[{"embeddable":true,"href":"https:\/\/www.elsindical.com.ar\/notas\/wp-json\/wp\/v2\/comments?post=66230"}],"version-history":[{"count":1,"href":"https:\/\/www.elsindical.com.ar\/notas\/wp-json\/wp\/v2\/posts\/66230\/revisions"}],"predecessor-version":[{"id":66232,"href":"https:\/\/www.elsindical.com.ar\/notas\/wp-json\/wp\/v2\/posts\/66230\/revisions\/66232"}],"wp:attachment":[{"href":"https:\/\/www.elsindical.com.ar\/notas\/wp-json\/wp\/v2\/media?parent=66230"}],"wp:term":[{"taxonomy":"category","embeddable":true,"href":"https:\/\/www.elsindical.com.ar\/notas\/wp-json\/wp\/v2\/categories?post=66230"},{"taxonomy":"post_tag","embeddable":true,"href":"https:\/\/www.elsindical.com.ar\/notas\/wp-json\/wp\/v2\/tags?post=66230"}],"curies":[{"name":"wp","href":"https:\/\/api.w.org\/{rel}","templated":true}]}}