{"id":66188,"date":"2017-03-13T06:09:28","date_gmt":"2017-03-13T09:09:28","guid":{"rendered":"http:\/\/www.elsindical.com.ar\/notas\/?p=66188"},"modified":"2017-03-13T06:09:28","modified_gmt":"2017-03-13T09:09:28","slug":"pilar-delincuentes-asesinan-a-custodio-dentro-de-un-country","status":"publish","type":"post","link":"https:\/\/www.elsindical.com.ar\/notas\/pilar-delincuentes-asesinan-a-custodio-dentro-de-un-country\/","title":{"rendered":"Pilar: Delincuentes asesinan a custodio dentro de un country"},"content":{"rendered":"<p><em>\u00a0 <a href=\"http:\/\/www.elsindical.com.ar\/notas\/var\/www\/html\/notas\/wp-content\/uploads\/2017\/03\/Claudio-Pecci.jpg\"><img loading=\"lazy\" decoding=\"async\" class=\"alignnone size-medium wp-image-66190\" src=\"http:\/\/www.elsindical.com.ar\/notas\/var\/www\/html\/notas\/wp-content\/uploads\/2017\/03\/Claudio-Pecci-300x158.jpg\" alt=\"\" width=\"300\" height=\"158\" srcset=\"https:\/\/www.elsindical.com.ar\/notas\/var\/www\/html\/notas\/wp-content\/uploads\/2017\/03\/Claudio-Pecci-300x158.jpg 300w, https:\/\/www.elsindical.com.ar\/notas\/var\/www\/html\/notas\/wp-content\/uploads\/2017\/03\/Claudio-Pecci-500x263.jpg 500w, https:\/\/www.elsindical.com.ar\/notas\/var\/www\/html\/notas\/wp-content\/uploads\/2017\/03\/Claudio-Pecci.jpg 680w\" sizes=\"auto, (max-width: 300px) 100vw, 300px\" \/><\/a>El hombre de 41 a\u00f1os fue ultimado de tres disparos cuando intent\u00f3 identificar a 3 ladrones que ingresaron al barrio privado en donde trabajaba.<\/em><\/p>\n<p>Un vigilador privado de 41 a\u00f1os fue asesinado de tres balazos cuando intent\u00f3 identificar a un grupo de delincuentes armados que hab\u00eda entrado a robar al country para el que trabajaba, en la localidad bonaerense de La Lonja, partido de Pilar.<\/p>\n<p>La v\u00edctima fue identificada como Claudio Alberto Pecci (41), trabajador de la empresa de seguridad La Uni\u00f3n, la cual presta sus servicios en el barrio privado Los Fresnos, ubicado en Ruta 8 y colectora Panamericana, a la altura del kil\u00f3metro 48,5, en esa localidad de la zona norte del conurbano.<\/p>\n<p>Todo comenz\u00f3 alrededor de las 22.20 del s\u00e1bado, cuando los vigiladores privados apostados en el ingreso del country -al que se accede por la calle Savar\u00ed- observaron, a trav\u00e9s de las c\u00e1maras de seguridad, movimientos sospechosos en un sector del predio.<\/p>\n<p>Ante esa situaci\u00f3n, dos de los custodios iniciaron una recorrida ante la posibilidad de que se tratase de delincuentes que intentaban entrar a robar alg\u00fan inmueble, aunque no alertaron de la situaci\u00f3n al 911. Mientras los vigiladores recorr\u00edan los puestos y el per\u00edmetro, personal policial de la comisar\u00eda 5\u00aa con jurisdicci\u00f3n en la zona escuch\u00f3 que un hombre interfer\u00eda la frecuencia radial.<\/p>\n<p>Seg\u00fan las fuentes, este sospechoso dijo que estaban saliendo por donde estaban unas \u00abbolsas de arena\u00bb, por lo que los efectivos iniciaron una b\u00fasqueda de un barrio que tuviera esos elementos. A los pocos minutos, el sospechoso habl\u00f3 nuevamente a sus presuntos c\u00f3mplices y en esas circunstancias los polic\u00edas alcanzaron a escuchar que dec\u00eda que hab\u00eda un cementerio cerca.<\/p>\n<p>Con ese dato, varios patrulleros se dirigieron hasta Los Fresnos, ya que a un kil\u00f3metro del mismo se encuentra el cementerio Jard\u00edn del Sol. Al llegar al lugar, los efectivos se entrevistaron con los custodios privados y juntos continuaron rastrillando el predio de 12,5 hect\u00e1reas de superficie, con 103 lotes y sin un \u00e1rea com\u00fan social y deportiva, ya que se trata de un predio residencial.<\/p>\n<p>Los voceros agregaron que en ese momento Pecci se adelant\u00f3 a su compa\u00f1ero y a la polic\u00eda y se cruz\u00f3 con al menos tres delincuentes que lo atacaron a balazos. De acuerdo a los voceros, la v\u00edctima recibi\u00f3 un tiro en cada brazo y un tercero en la espalda, que le provocaron la muerte.<\/p>\n<p>Por su parte, el personal policial repeli\u00f3 la agresi\u00f3n pero los asaltantes huyeron aprovechando la oscuridad de la noche y la vegetaci\u00f3n del lugar. Tras el crimen, la polic\u00eda continu\u00f3 con un amplio rastrillaje en busca de los delincuentes y determin\u00f3 que los mismos hab\u00edan ingresado al country por un agujero en el alambre perimetral del mismo.<\/p>\n<p>En tanto, los efectivos secuestraron dentro del predio unas mochilas que se creen fueron descartadas por los asaltantes en su huida y la pistola calibre 380 de Pecci, la cual ser\u00e1 sometida a peritajes bal\u00edsticos, para determinar si la v\u00edctima alcanz\u00f3 a disparar para defenderse.<\/p>\n<p>Un jefe policial explic\u00f3 que a\u00fan no se hab\u00edan detectado signos de que los delincuentes hayan podido entrar a alguna de las casas del predio. El homicidio del vigilador Pecci es investigado por el fiscal Mart\u00edn Otero, de la Unidad Funcional de Instrucci\u00f3n (UFI), descentralizada 1 de Pilar, del Departamento Judicial San Isidro.<\/p>\n<p>La v\u00edctima resid\u00eda en el partido de Los Polvorines, hac\u00eda varios a\u00f1os que trabajaba para La Uni\u00f3n y en diciembre de 2015 expres\u00f3, a trav\u00e9s de su perfil en la red social Facebook, su \u00abagradecimiento\u00bb a la empresa por la \u00abconfianza\u00bb depositada en \u00e9l.<\/p>\n<p>El crimen de Pecci no fue el primer hecho delictivo ocurrido en los \u00faltimos siete a\u00f1os en Los Fresnos, ya que en agosto de 2013, el productor teatral Jos\u00e9 \u00abPepe\u00bb Cibri\u00e1n y su esposo, Santiago Zenobi, denunciaron que un ladr\u00f3n entr\u00f3 en su casa y les rob\u00f3 dinero mientras ellos estaban en otra dependencia de la vivienda.<\/p>\n<p>En mayo de 2010, un grupo de delincuentes asalt\u00f3 dos casas del mismo barrio privado e intent\u00f3 robar en una tercera y al no lograrlo escap\u00f3 rompiendo el cerco perimetral. En esta ocasi\u00f3n, fueron seis los ladrones encapuchados y armados, que primero asaltaron a una mujer de 40 a\u00f1os que se encontraba sola en la vivienda y le sustrajeron dinero en efectivo, joyas, electrodom\u00e9sticos y otros objetos de valor.<\/p>\n<p>Esta v\u00edctima denunci\u00f3 que, previamente, la banda hab\u00eda reducido y maniatado a uno de los vigiladores del country. Luego de cometer ese asalto, la misma banda entr\u00f3 a robar a una casa ubicada a unos cien metros de distancia de la primera y all\u00ed redujo a una pareja y a sus hijos, a los que tambi\u00e9n despojaron de plata y otros valores.<\/p>\n","protected":false},"excerpt":{"rendered":"<p>\u00a0 El hombre de 41 a\u00f1os fue ultimado de tres disparos cuando intent\u00f3 identificar a 3 ladrones que ingresaron al barrio privado en donde trabajaba. Un vigilador privado de 41 a\u00f1os fue asesinado de tres balazos cuando intent\u00f3 identificar a un grupo de delincuentes armados que hab\u00eda entrado a robar al country para el que&hellip;<\/p>\n","protected":false},"author":1,"featured_media":0,"comment_status":"open","ping_status":"open","sticky":false,"template":"","format":"standard","meta":{"footnotes":""},"categories":[22],"tags":[39,25473,25474,1411,116,397],"class_list":["post-66188","post","type-post","status-publish","format-standard","hentry","category-policiales","tag-asesinado","tag-claudio-pecci","tag-los-fresnos","tag-pilar","tag-robo","tag-vigilador"],"_links":{"self":[{"href":"https:\/\/www.elsindical.com.ar\/notas\/wp-json\/wp\/v2\/posts\/66188","targetHints":{"allow":["GET"]}}],"collection":[{"href":"https:\/\/www.elsindical.com.ar\/notas\/wp-json\/wp\/v2\/posts"}],"about":[{"href":"https:\/\/www.elsindical.com.ar\/notas\/wp-json\/wp\/v2\/types\/post"}],"author":[{"embeddable":true,"href":"https:\/\/www.elsindical.com.ar\/notas\/wp-json\/wp\/v2\/users\/1"}],"replies":[{"embeddable":true,"href":"https:\/\/www.elsindical.com.ar\/notas\/wp-json\/wp\/v2\/comments?post=66188"}],"version-history":[{"count":1,"href":"https:\/\/www.elsindical.com.ar\/notas\/wp-json\/wp\/v2\/posts\/66188\/revisions"}],"predecessor-version":[{"id":66191,"href":"https:\/\/www.elsindical.com.ar\/notas\/wp-json\/wp\/v2\/posts\/66188\/revisions\/66191"}],"wp:attachment":[{"href":"https:\/\/www.elsindical.com.ar\/notas\/wp-json\/wp\/v2\/media?parent=66188"}],"wp:term":[{"taxonomy":"category","embeddable":true,"href":"https:\/\/www.elsindical.com.ar\/notas\/wp-json\/wp\/v2\/categories?post=66188"},{"taxonomy":"post_tag","embeddable":true,"href":"https:\/\/www.elsindical.com.ar\/notas\/wp-json\/wp\/v2\/tags?post=66188"}],"curies":[{"name":"wp","href":"https:\/\/api.w.org\/{rel}","templated":true}]}}