{"id":66125,"date":"2017-03-10T08:25:53","date_gmt":"2017-03-10T11:25:53","guid":{"rendered":"http:\/\/www.elsindical.com.ar\/notas\/?p=66125"},"modified":"2017-03-10T08:25:53","modified_gmt":"2017-03-10T11:25:53","slug":"esteban-echeverria-asesinan-a-mujer-en-guerra-por-venta-de-drogas-y-un-herido-grave","status":"publish","type":"post","link":"https:\/\/www.elsindical.com.ar\/notas\/esteban-echeverria-asesinan-a-mujer-en-guerra-por-venta-de-drogas-y-un-herido-grave\/","title":{"rendered":"Esteban Echeverr\u00eda: Asesinan a mujer en guerra por venta de drogas y un herido grave"},"content":{"rendered":"<p><em><a href=\"http:\/\/www.elsindical.com.ar\/notas\/var\/www\/html\/notas\/wp-content\/uploads\/2017\/03\/asesinato-Transradio.jpg\"><img loading=\"lazy\" decoding=\"async\" class=\"alignnone size-medium wp-image-66126\" src=\"http:\/\/www.elsindical.com.ar\/notas\/var\/www\/html\/notas\/wp-content\/uploads\/2017\/03\/asesinato-Transradio-300x158.jpg\" alt=\"\" width=\"300\" height=\"158\" srcset=\"https:\/\/www.elsindical.com.ar\/notas\/var\/www\/html\/notas\/wp-content\/uploads\/2017\/03\/asesinato-Transradio-300x158.jpg 300w, https:\/\/www.elsindical.com.ar\/notas\/var\/www\/html\/notas\/wp-content\/uploads\/2017\/03\/asesinato-Transradio-500x263.jpg 500w, https:\/\/www.elsindical.com.ar\/notas\/var\/www\/html\/notas\/wp-content\/uploads\/2017\/03\/asesinato-Transradio.jpg 680w\" sizes=\"auto, (max-width: 300px) 100vw, 300px\" \/><\/a>\u00a0 Como saldo de un violento tiroteo entre dos grupos rivales de narcotraficantes, una joven de 24 a\u00f1os, que se dedicaba a vender paco, fue salvajemente asesinada a balazos, mientras que un individuo de 21, que se desempe\u00f1aba como \u201csoldado\u201d y ten\u00eda como tarea proteger la actividad ilegal de esta muchacha, result\u00f3 herido de gravedad de un disparo en el cuello.<\/em><\/p>\n<p>El tremendo suceso se registr\u00f3 en un b\u00fanker, utilizado para comercializar las sustancias il\u00edcitas, en la localidad bonaerense de Transradio, en el partido de Esteban Echeverr\u00eda, y los responsables del crimen, que lograron darse a la fuga, son intensamente buscados por las autoridades policiales.<\/p>\n<p>Los voceros revelaron que el hecho se produjo frente a una casilla construida con chapas, la cual era empleada por esos delincuentes como b\u00fanker y que est\u00e1 situada en proximidades del cruce de la avenida Doctor Gilberto Elizalde y San Juan, en el denominado barrio 9 de Abril, donde se gener\u00f3 un dram\u00e1tico intercambio de disparos entre miembros de ambas organizaciones.<\/p>\n<p>De inmediato, los integrantes del Comando Patrulla (C.P.) de Esteban Echeverr\u00eda, luego de ser alertados de la situaci\u00f3n, arribaron al lugar, oportunidad en la que localizaron el cuerpo sin vida de la mujer, de 24 a\u00f1os, mientras que el muchacho, de 21, presentaba un certero impacto de bala en la regi\u00f3n del cuello.<\/p>\n<p>A ra\u00edz de la peligrosidad de la zona, ubicada en las inmediaciones del arroyo Santa Catalina y justo en el l\u00edmite con Ingeniero Budge, en el sur del conurbano provincial, y con la intenci\u00f3n de proteger la tarea de los m\u00e9dicos, esos servidores p\u00fablicos colaboraron para retirar al individuo baleado, traslad\u00e1ndolo de urgencia al Policl\u00ednico Sof\u00eda Terrero de Santamarina, ubicado en la esquina de Doctor Cardeza y General Alvear, en Monte Grande, donde permanece internado.<\/p>\n<p>Habitantes del humilde vecindario dialogaron con los investigadores, afirm\u00e1ndoles que el individuo herido empu\u00f1aba un rev\u00f3lver -posiblemente 38 largo-, aunque el mismo le habr\u00eda sido robado por los miembros de la gavilla adversaria.<\/p>\n<p>Seg\u00fan lo manifestado por los informantes, la mujer fallecida viv\u00eda en Ingeniero Budge, mientras que su compa\u00f1ero reside en Villa Fiorito. Versiones sostienen que el inmueble de la tragedia hab\u00eda sido allanado hace algunas semanas en un arduo trabajo de los polic\u00edas, aunque los delincuentes volvieron a rearmarse, lo que origin\u00f3 nuevas diligencias de las autoridades y la apertura de un expediente judicial ante la Unidad Funcional N\u00ba 1 de Esteban Echeverr\u00eda.<\/p>\n<p>Pesquisas policiales de la comisar\u00eda de Transradio (3\u00aa de Esteban Echeverr\u00eda) lograron incautar, a escasos metros de la casilla, vainas servidas de armamento 9 mil\u00edmetros (empleado por el grupo de criminales) y despu\u00e9s revisaron el precario b\u00fanker, ocasi\u00f3n en la que secuestraron diferentes dosis de paco, virutas y bolsas de nailon, adem\u00e1s de otros elementos utilizados frecuentemente por los narcotraficantes.<\/p>\n<p>Intervino en esta causa el doctor Juan Jos\u00e9 Vaello, fiscal en turno de la Unidad Funcional N\u00ba 2 de Esteban Echeverr\u00eda, dependiente del departamento judicial de Lomas de Zamora.<\/p>\n","protected":false},"excerpt":{"rendered":"<p>\u00a0 Como saldo de un violento tiroteo entre dos grupos rivales de narcotraficantes, una joven de 24 a\u00f1os, que se dedicaba a vender paco, fue salvajemente asesinada a balazos, mientras que un individuo de 21, que se desempe\u00f1aba como \u201csoldado\u201d y ten\u00eda como tarea proteger la actividad ilegal de esta muchacha, result\u00f3 herido de gravedad&hellip;<\/p>\n","protected":false},"author":1,"featured_media":0,"comment_status":"open","ping_status":"open","sticky":false,"template":"","format":"standard","meta":{"footnotes":""},"categories":[22],"tags":[23308,382,1905,238],"class_list":["post-66125","post","type-post","status-publish","format-standard","hentry","category-policiales","tag-c-p","tag-drogas","tag-esteban-echeverria","tag-tiroteo"],"_links":{"self":[{"href":"https:\/\/www.elsindical.com.ar\/notas\/wp-json\/wp\/v2\/posts\/66125","targetHints":{"allow":["GET"]}}],"collection":[{"href":"https:\/\/www.elsindical.com.ar\/notas\/wp-json\/wp\/v2\/posts"}],"about":[{"href":"https:\/\/www.elsindical.com.ar\/notas\/wp-json\/wp\/v2\/types\/post"}],"author":[{"embeddable":true,"href":"https:\/\/www.elsindical.com.ar\/notas\/wp-json\/wp\/v2\/users\/1"}],"replies":[{"embeddable":true,"href":"https:\/\/www.elsindical.com.ar\/notas\/wp-json\/wp\/v2\/comments?post=66125"}],"version-history":[{"count":1,"href":"https:\/\/www.elsindical.com.ar\/notas\/wp-json\/wp\/v2\/posts\/66125\/revisions"}],"predecessor-version":[{"id":66127,"href":"https:\/\/www.elsindical.com.ar\/notas\/wp-json\/wp\/v2\/posts\/66125\/revisions\/66127"}],"wp:attachment":[{"href":"https:\/\/www.elsindical.com.ar\/notas\/wp-json\/wp\/v2\/media?parent=66125"}],"wp:term":[{"taxonomy":"category","embeddable":true,"href":"https:\/\/www.elsindical.com.ar\/notas\/wp-json\/wp\/v2\/categories?post=66125"},{"taxonomy":"post_tag","embeddable":true,"href":"https:\/\/www.elsindical.com.ar\/notas\/wp-json\/wp\/v2\/tags?post=66125"}],"curies":[{"name":"wp","href":"https:\/\/api.w.org\/{rel}","templated":true}]}}