{"id":66120,"date":"2017-03-09T19:59:39","date_gmt":"2017-03-09T22:59:39","guid":{"rendered":"http:\/\/www.elsindical.com.ar\/notas\/?p=66120"},"modified":"2017-03-09T19:59:39","modified_gmt":"2017-03-09T22:59:39","slug":"un-40-de-las-instalaciones-industriales-del-pais-ya-no-se-usan-la-peor-caida-desde-2003","status":"publish","type":"post","link":"https:\/\/www.elsindical.com.ar\/notas\/un-40-de-las-instalaciones-industriales-del-pais-ya-no-se-usan-la-peor-caida-desde-2003\/","title":{"rendered":"Un 40 % de las instalaciones industriales del Pa\u00eds ya no se usan. La peor ca\u00edda desde 2003"},"content":{"rendered":"<p><em>\u00a0<a href=\"http:\/\/www.elsindical.com.ar\/notas\/var\/www\/html\/notas\/wp-content\/uploads\/2017\/03\/f\u00e1brica-parada.jpg\"><img loading=\"lazy\" decoding=\"async\" class=\"alignnone size-medium wp-image-66121\" src=\"http:\/\/www.elsindical.com.ar\/notas\/var\/www\/html\/notas\/wp-content\/uploads\/2017\/03\/f\u00e1brica-parada-300x152.jpg\" alt=\"\" width=\"300\" height=\"152\" srcset=\"https:\/\/www.elsindical.com.ar\/notas\/var\/www\/html\/notas\/wp-content\/uploads\/2017\/03\/f\u00e1brica-parada-300x152.jpg 300w, https:\/\/www.elsindical.com.ar\/notas\/var\/www\/html\/notas\/wp-content\/uploads\/2017\/03\/f\u00e1brica-parada-768x389.jpg 768w, https:\/\/www.elsindical.com.ar\/notas\/var\/www\/html\/notas\/wp-content\/uploads\/2017\/03\/f\u00e1brica-parada-500x254.jpg 500w, https:\/\/www.elsindical.com.ar\/notas\/var\/www\/html\/notas\/wp-content\/uploads\/2017\/03\/f\u00e1brica-parada.jpg 775w\" sizes=\"auto, (max-width: 300px) 100vw, 300px\" \/><\/a>\u00a0 La industria oper\u00f3 en enero con la mayor capacidad ociosa en los \u00faltimos catorce a\u00f1os y tuvo su peor mes desde enero de 2003. El Instituto Nacional de Estad\u00edstica y Censos (Indec) inform\u00f3 ayer que la Utilizaci\u00f3n de la Capacidad Instalada de la Industria (UCII) en el primer mes de 2017 promedi\u00f3 un 60,6%.<\/em><\/p>\n<p>La cifra representa una ca\u00edda de 3 puntos porcentuales respecto a diciembre, motivada por las paradas de planta y las vacaciones de los empleados. Fue la menor baja entre esos dos meses de los \u00faltimos siete a\u00f1os; en este per\u00edodo, el descenso m\u00e1s brusco fue poco despu\u00e9s de la implementaci\u00f3n del cepo cambiario, entre diciembre de 2011 (82%) y enero de 2012 (67,6%), cuando fue de casi 15 puntos porcentuales.<\/p>\n<p>El bloque sectorial con mejor desempe\u00f1o fue, otra vez, refinaci\u00f3n del petr\u00f3leo, que utiliz\u00f3 el 85% de su capacidad. Como contraparte, la industria automotriz se desplom\u00f3 en enero: pas\u00f3 de ocupar el 45% en diciembre a operar solamente al 30,7% en el primer mes del nuevo a\u00f1o. La perspectiva, adem\u00e1s, es oscura: la producci\u00f3n de autos se hundi\u00f3 un 10,2% intermensual y un 29,7% interanual en febrero, seg\u00fan la Asociaci\u00f3n de F\u00e1brica de Automotores (Adefa).<\/p>\n<p>Otro sector en crisis es el de \u201cMetalmec\u00e1nica excepto automotores\u201d, que utiliz\u00f3 el 47,3% de su capacidad. En diciembre hab\u00eda operado al 54,7%.<\/p>\n<p>De esta manera, se convirti\u00f3 en llamativo que los bloques sectoriales con mejores comportamientos tuvieron variaciones muy leves entre diciembre y enero, mientras que los m\u00e1s complicados sufrieron bruscas ca\u00eddas.<br \/>\nCon todo, estos datos explican, en parte, porqu\u00e9 algunos peque\u00f1os y medianos empresarios decidieron apoyar ayer la marcha de la Confederaci\u00f3n General de los Trabajadores (CGT), medida criticada por el Gobierno. La industria textil, que se moviliz\u00f3 ayer, utiliz\u00f3 el 57,5% de su capacidad y repunt\u00f3 desde diciembre (48,9%).<\/p>\n","protected":false},"excerpt":{"rendered":"<p>\u00a0\u00a0 La industria oper\u00f3 en enero con la mayor capacidad ociosa en los \u00faltimos catorce a\u00f1os y tuvo su peor mes desde enero de 2003. El Instituto Nacional de Estad\u00edstica y Censos (Indec) inform\u00f3 ayer que la Utilizaci\u00f3n de la Capacidad Instalada de la Industria (UCII) en el primer mes de 2017 promedi\u00f3 un 60,6%.&hellip;<\/p>\n","protected":false},"author":1,"featured_media":0,"comment_status":"open","ping_status":"open","sticky":false,"template":"","format":"standard","meta":{"footnotes":""},"categories":[9],"tags":[22491,910,2200,25419],"class_list":["post-66120","post","type-post","status-publish","format-standard","hentry","category-economia","tag-adefa","tag-cgt","tag-indec","tag-industrias"],"_links":{"self":[{"href":"https:\/\/www.elsindical.com.ar\/notas\/wp-json\/wp\/v2\/posts\/66120","targetHints":{"allow":["GET"]}}],"collection":[{"href":"https:\/\/www.elsindical.com.ar\/notas\/wp-json\/wp\/v2\/posts"}],"about":[{"href":"https:\/\/www.elsindical.com.ar\/notas\/wp-json\/wp\/v2\/types\/post"}],"author":[{"embeddable":true,"href":"https:\/\/www.elsindical.com.ar\/notas\/wp-json\/wp\/v2\/users\/1"}],"replies":[{"embeddable":true,"href":"https:\/\/www.elsindical.com.ar\/notas\/wp-json\/wp\/v2\/comments?post=66120"}],"version-history":[{"count":1,"href":"https:\/\/www.elsindical.com.ar\/notas\/wp-json\/wp\/v2\/posts\/66120\/revisions"}],"predecessor-version":[{"id":66122,"href":"https:\/\/www.elsindical.com.ar\/notas\/wp-json\/wp\/v2\/posts\/66120\/revisions\/66122"}],"wp:attachment":[{"href":"https:\/\/www.elsindical.com.ar\/notas\/wp-json\/wp\/v2\/media?parent=66120"}],"wp:term":[{"taxonomy":"category","embeddable":true,"href":"https:\/\/www.elsindical.com.ar\/notas\/wp-json\/wp\/v2\/categories?post=66120"},{"taxonomy":"post_tag","embeddable":true,"href":"https:\/\/www.elsindical.com.ar\/notas\/wp-json\/wp\/v2\/tags?post=66120"}],"curies":[{"name":"wp","href":"https:\/\/api.w.org\/{rel}","templated":true}]}}