{"id":66117,"date":"2017-03-09T18:07:25","date_gmt":"2017-03-09T21:07:25","guid":{"rendered":"http:\/\/www.elsindical.com.ar\/notas\/?p=66117"},"modified":"2017-03-09T18:07:25","modified_gmt":"2017-03-09T21:07:25","slug":"ramos-mejia-mujer-violenta-golpea-a-hombre-por-incidente-de-transito","status":"publish","type":"post","link":"https:\/\/www.elsindical.com.ar\/notas\/ramos-mejia-mujer-violenta-golpea-a-hombre-por-incidente-de-transito\/","title":{"rendered":"Ramos Mej\u00eda: Mujer violenta golpea a hombre por incidente de tr\u00e1nsito"},"content":{"rendered":"<p><em>\u00a0<a href=\"http:\/\/www.elsindical.com.ar\/notas\/var\/www\/html\/notas\/wp-content\/uploads\/2017\/03\/mujer-violenta.jpg\"><img loading=\"lazy\" decoding=\"async\" class=\"alignnone size-medium wp-image-66118\" src=\"http:\/\/www.elsindical.com.ar\/notas\/var\/www\/html\/notas\/wp-content\/uploads\/2017\/03\/mujer-violenta-300x158.jpg\" alt=\"\" width=\"300\" height=\"158\" srcset=\"https:\/\/www.elsindical.com.ar\/notas\/var\/www\/html\/notas\/wp-content\/uploads\/2017\/03\/mujer-violenta-300x158.jpg 300w, https:\/\/www.elsindical.com.ar\/notas\/var\/www\/html\/notas\/wp-content\/uploads\/2017\/03\/mujer-violenta-500x263.jpg 500w, https:\/\/www.elsindical.com.ar\/notas\/var\/www\/html\/notas\/wp-content\/uploads\/2017\/03\/mujer-violenta.jpg 680w\" sizes=\"auto, (max-width: 300px) 100vw, 300px\" \/><\/a>\u00a0 En una maniobra de tr\u00e1nsito que termin\u00f3 con un peque\u00f1o choque entre dos veh\u00edculos, la conductora del auto que iba adelante se baj\u00f3 para recriminarle al hombre que manejaba el de atr\u00e1s. Pero lo hizo con una agresividad total, le pate\u00f3 la puerta y cuando este se baj\u00f3 le dio varios golpes de pu\u00f1o.<\/em><\/p>\n<p>El hecho ocurri\u00f3 en la Avenida de Mayo y la esquina Suipacha, en el citado distrito bonaerense.<\/p>\n<p>Otro veh\u00edculo que segu\u00eda en la fila film\u00f3 la escena y la cort\u00f3 para finalmente ir a separar, seg\u00fan se escucha en el audio del video.<\/p>\n<p>Lo ocurrido demuestra que hay mujeres que no solo son violentas, sino que abusan de su condici\u00f3n de mujer, al saber que un hombre se encuentra condicionado a reaccionar, a pesar de que la conducta de la mujer constituye un delito.<\/p>\n<p>&nbsp;<\/p>\n<p><iframe loading=\"lazy\" src=\"https:\/\/www.youtube.com\/embed\/HUaVKhkmM60\" width=\"580\" height=\"420\" frameborder=\"0\" allowfullscreen=\"allowfullscreen\"><\/iframe><\/p>\n","protected":false},"excerpt":{"rendered":"<p>\u00a0\u00a0 En una maniobra de tr\u00e1nsito que termin\u00f3 con un peque\u00f1o choque entre dos veh\u00edculos, la conductora del auto que iba adelante se baj\u00f3 para recriminarle al hombre que manejaba el de atr\u00e1s. Pero lo hizo con una agresividad total, le pate\u00f3 la puerta y cuando este se baj\u00f3 le dio varios golpes de pu\u00f1o.&hellip;<\/p>\n","protected":false},"author":1,"featured_media":0,"comment_status":"open","ping_status":"open","sticky":false,"template":"","format":"standard","meta":{"footnotes":""},"categories":[25],"tags":[24185,25460,1252],"class_list":["post-66117","post","type-post","status-publish","format-standard","hentry","category-sociedad","tag-incidente-de-transito","tag-mujer-violenta","tag-ramos-mejia"],"_links":{"self":[{"href":"https:\/\/www.elsindical.com.ar\/notas\/wp-json\/wp\/v2\/posts\/66117","targetHints":{"allow":["GET"]}}],"collection":[{"href":"https:\/\/www.elsindical.com.ar\/notas\/wp-json\/wp\/v2\/posts"}],"about":[{"href":"https:\/\/www.elsindical.com.ar\/notas\/wp-json\/wp\/v2\/types\/post"}],"author":[{"embeddable":true,"href":"https:\/\/www.elsindical.com.ar\/notas\/wp-json\/wp\/v2\/users\/1"}],"replies":[{"embeddable":true,"href":"https:\/\/www.elsindical.com.ar\/notas\/wp-json\/wp\/v2\/comments?post=66117"}],"version-history":[{"count":1,"href":"https:\/\/www.elsindical.com.ar\/notas\/wp-json\/wp\/v2\/posts\/66117\/revisions"}],"predecessor-version":[{"id":66119,"href":"https:\/\/www.elsindical.com.ar\/notas\/wp-json\/wp\/v2\/posts\/66117\/revisions\/66119"}],"wp:attachment":[{"href":"https:\/\/www.elsindical.com.ar\/notas\/wp-json\/wp\/v2\/media?parent=66117"}],"wp:term":[{"taxonomy":"category","embeddable":true,"href":"https:\/\/www.elsindical.com.ar\/notas\/wp-json\/wp\/v2\/categories?post=66117"},{"taxonomy":"post_tag","embeddable":true,"href":"https:\/\/www.elsindical.com.ar\/notas\/wp-json\/wp\/v2\/tags?post=66117"}],"curies":[{"name":"wp","href":"https:\/\/api.w.org\/{rel}","templated":true}]}}