{"id":66113,"date":"2017-03-09T17:44:17","date_gmt":"2017-03-09T20:44:17","guid":{"rendered":"http:\/\/www.elsindical.com.ar\/notas\/?p=66113"},"modified":"2017-03-09T17:44:17","modified_gmt":"2017-03-09T20:44:17","slug":"avellaneda-cayo-una-banda-que-iba-a-vender-mas-de-7-kilos-de-cocaina-en-el-recital-del-indio-solari","status":"publish","type":"post","link":"https:\/\/www.elsindical.com.ar\/notas\/avellaneda-cayo-una-banda-que-iba-a-vender-mas-de-7-kilos-de-cocaina-en-el-recital-del-indio-solari\/","title":{"rendered":"Avellaneda: Cay\u00f3 una banda que iba a vender m\u00e1s de 7 kilos de coca\u00edna en el recital del Indio Solari"},"content":{"rendered":"<p><em>\u00a0<a href=\"http:\/\/www.elsindical.com.ar\/notas\/var\/www\/html\/notas\/wp-content\/uploads\/2017\/03\/coca\u00edna-para-vender-recital-del-Indio.jpg\"><img loading=\"lazy\" decoding=\"async\" class=\"alignnone size-medium wp-image-66115\" src=\"http:\/\/www.elsindical.com.ar\/notas\/var\/www\/html\/notas\/wp-content\/uploads\/2017\/03\/coca\u00edna-para-vender-recital-del-Indio-300x168.jpg\" alt=\"\" width=\"300\" height=\"168\" srcset=\"https:\/\/www.elsindical.com.ar\/notas\/var\/www\/html\/notas\/wp-content\/uploads\/2017\/03\/coca\u00edna-para-vender-recital-del-Indio-300x168.jpg 300w, https:\/\/www.elsindical.com.ar\/notas\/var\/www\/html\/notas\/wp-content\/uploads\/2017\/03\/coca\u00edna-para-vender-recital-del-Indio-768x430.jpg 768w, https:\/\/www.elsindical.com.ar\/notas\/var\/www\/html\/notas\/wp-content\/uploads\/2017\/03\/coca\u00edna-para-vender-recital-del-Indio-1024x573.jpg 1024w, https:\/\/www.elsindical.com.ar\/notas\/var\/www\/html\/notas\/wp-content\/uploads\/2017\/03\/coca\u00edna-para-vender-recital-del-Indio-500x280.jpg 500w, https:\/\/www.elsindical.com.ar\/notas\/var\/www\/html\/notas\/wp-content\/uploads\/2017\/03\/coca\u00edna-para-vender-recital-del-Indio.jpg 1366w\" sizes=\"auto, (max-width: 300px) 100vw, 300px\" \/><\/a> Los investigadores descubrieron que el destino de la droga era el show de este fin de semana en Olavarr\u00eda gracias a una carta que secuestraron en los allanamientos. Qu\u00e9 dec\u00eda el manuscrito.<\/em><\/p>\n<p>La Polic\u00eda le secuestr\u00f3 m\u00e1s de siete kilos de coca\u00edna -entre otras sustancias- a una banda de narcotraficantes que operaba en la zona Sur del Gran Buenos Aires. Los investigadores pudieron saber que las drogas se iban a vender este fin de semana en el recital del Indio Solari, en Olavarr\u00eda, gracias a un curioso hallazgo: una carta que le habr\u00eda escrito uno de los miembros del grupo a un compa\u00f1ero.<\/p>\n<p>\u201cChato: Acordate que me ten\u00e9s que mandar antes del 10 los papelitos ya armados, porque el recital del Indio es el d\u00eda 11. Voy a ver si puedo hacer una diferencia con lo del recital, as\u00ed te pago lo que te estoy debiendo\u201d, dec\u00eda el papel que encontraron los efectivos durante los allanamientos en los partidos de Avellaneda y Lan\u00fas.<\/p>\n<p>Adem\u00e1s de 7108,8 gramos de coca\u00edna distribuidos en 6852 envoltorios, a la banda integrada por ocho personas -seis de nacionalidad peruana- le secuestraron marihuana, un rev\u00f3lver calibre 32, municiones, dos balanzas de precisi\u00f3n y precursores qu\u00edmicos.<\/p>\n<p>En el caso interviene la UFI N\u00b0 2 descentralizada de Avellaneda, a cargo del fiscal Mario Prieto, y el Juzgado de Garant\u00edas N\u00b09.<\/p>\n<p><em>\u201cChato: Acordate que me ten\u00e9s que mandar antes del 10 los papelitos ya armados, porque el recital del Indio es el d\u00eda 11 de este mes y no vamos para all\u00e1. Yo te mando la plata con el Ra\u00fal, mandalo por encomienda o si no mandamelo con Fito que me dijo que el jueves va a andar por ac\u00e1, f\u00edjate que la \u00faltima vez vino muy flojito y algunos se me quejaron, voy a ver si puedo hacer diferencia con lo del recital as\u00ed te pago lo que te estoy debiendo. Un abrazo, Jos\u00e9.\u201d<\/em><\/p>\n<p><a href=\"http:\/\/www.elsindical.com.ar\/notas\/var\/www\/html\/notas\/wp-content\/uploads\/2017\/03\/carta-vendedores-coca\u00edna-recital-del-Indio.jpg\"><img loading=\"lazy\" decoding=\"async\" class=\"alignnone size-medium wp-image-66114\" src=\"http:\/\/www.elsindical.com.ar\/notas\/var\/www\/html\/notas\/wp-content\/uploads\/2017\/03\/carta-vendedores-coca\u00edna-recital-del-Indio-300x169.jpg\" alt=\"\" width=\"300\" height=\"169\" srcset=\"https:\/\/www.elsindical.com.ar\/notas\/var\/www\/html\/notas\/wp-content\/uploads\/2017\/03\/carta-vendedores-coca\u00edna-recital-del-Indio-300x169.jpg 300w, https:\/\/www.elsindical.com.ar\/notas\/var\/www\/html\/notas\/wp-content\/uploads\/2017\/03\/carta-vendedores-coca\u00edna-recital-del-Indio-768x432.jpg 768w, https:\/\/www.elsindical.com.ar\/notas\/var\/www\/html\/notas\/wp-content\/uploads\/2017\/03\/carta-vendedores-coca\u00edna-recital-del-Indio-1024x576.jpg 1024w, https:\/\/www.elsindical.com.ar\/notas\/var\/www\/html\/notas\/wp-content\/uploads\/2017\/03\/carta-vendedores-coca\u00edna-recital-del-Indio-500x281.jpg 500w, https:\/\/www.elsindical.com.ar\/notas\/var\/www\/html\/notas\/wp-content\/uploads\/2017\/03\/carta-vendedores-coca\u00edna-recital-del-Indio.jpg 1280w\" sizes=\"auto, (max-width: 300px) 100vw, 300px\" \/><\/a><\/p>\n","protected":false},"excerpt":{"rendered":"<p>\u00a0 Los investigadores descubrieron que el destino de la droga era el show de este fin de semana en Olavarr\u00eda gracias a una carta que secuestraron en los allanamientos. Qu\u00e9 dec\u00eda el manuscrito. La Polic\u00eda le secuestr\u00f3 m\u00e1s de siete kilos de coca\u00edna -entre otras sustancias- a una banda de narcotraficantes que operaba en la&hellip;<\/p>\n","protected":false},"author":1,"featured_media":0,"comment_status":"open","ping_status":"open","sticky":false,"template":"","format":"standard","meta":{"footnotes":""},"categories":[22],"tags":[461,997,43,382,209,1679,2616],"class_list":["post-66113","post","type-post","status-publish","format-standard","hentry","category-policiales","tag-avellaneda","tag-banda","tag-cocaina","tag-drogas","tag-lanus","tag-olavarria","tag-peruanos"],"_links":{"self":[{"href":"https:\/\/www.elsindical.com.ar\/notas\/wp-json\/wp\/v2\/posts\/66113","targetHints":{"allow":["GET"]}}],"collection":[{"href":"https:\/\/www.elsindical.com.ar\/notas\/wp-json\/wp\/v2\/posts"}],"about":[{"href":"https:\/\/www.elsindical.com.ar\/notas\/wp-json\/wp\/v2\/types\/post"}],"author":[{"embeddable":true,"href":"https:\/\/www.elsindical.com.ar\/notas\/wp-json\/wp\/v2\/users\/1"}],"replies":[{"embeddable":true,"href":"https:\/\/www.elsindical.com.ar\/notas\/wp-json\/wp\/v2\/comments?post=66113"}],"version-history":[{"count":1,"href":"https:\/\/www.elsindical.com.ar\/notas\/wp-json\/wp\/v2\/posts\/66113\/revisions"}],"predecessor-version":[{"id":66116,"href":"https:\/\/www.elsindical.com.ar\/notas\/wp-json\/wp\/v2\/posts\/66113\/revisions\/66116"}],"wp:attachment":[{"href":"https:\/\/www.elsindical.com.ar\/notas\/wp-json\/wp\/v2\/media?parent=66113"}],"wp:term":[{"taxonomy":"category","embeddable":true,"href":"https:\/\/www.elsindical.com.ar\/notas\/wp-json\/wp\/v2\/categories?post=66113"},{"taxonomy":"post_tag","embeddable":true,"href":"https:\/\/www.elsindical.com.ar\/notas\/wp-json\/wp\/v2\/tags?post=66113"}],"curies":[{"name":"wp","href":"https:\/\/api.w.org\/{rel}","templated":true}]}}