{"id":66072,"date":"2017-03-08T01:25:11","date_gmt":"2017-03-08T04:25:11","guid":{"rendered":"http:\/\/www.elsindical.com.ar\/notas\/?p=66072"},"modified":"2017-03-08T01:25:11","modified_gmt":"2017-03-08T04:25:11","slug":"avellaneda-patrulla-del-comando-descansando","status":"publish","type":"post","link":"https:\/\/www.elsindical.com.ar\/notas\/avellaneda-patrulla-del-comando-descansando\/","title":{"rendered":"Avellaneda: Patrulla del Comando descansando"},"content":{"rendered":"<p><a href=\"http:\/\/www.elsindical.com.ar\/notas\/var\/www\/html\/notas\/wp-content\/uploads\/2017\/03\/patrulla-C.P-Avellaneda-descansando.jpg\"><img loading=\"lazy\" decoding=\"async\" class=\"alignnone size-medium wp-image-66073\" src=\"http:\/\/www.elsindical.com.ar\/notas\/var\/www\/html\/notas\/wp-content\/uploads\/2017\/03\/patrulla-C.P-Avellaneda-descansando-300x203.jpg\" alt=\"\" width=\"300\" height=\"203\" srcset=\"https:\/\/www.elsindical.com.ar\/notas\/var\/www\/html\/notas\/wp-content\/uploads\/2017\/03\/patrulla-C.P-Avellaneda-descansando-300x203.jpg 300w, https:\/\/www.elsindical.com.ar\/notas\/var\/www\/html\/notas\/wp-content\/uploads\/2017\/03\/patrulla-C.P-Avellaneda-descansando-768x519.jpg 768w, https:\/\/www.elsindical.com.ar\/notas\/var\/www\/html\/notas\/wp-content\/uploads\/2017\/03\/patrulla-C.P-Avellaneda-descansando-1024x692.jpg 1024w, https:\/\/www.elsindical.com.ar\/notas\/var\/www\/html\/notas\/wp-content\/uploads\/2017\/03\/patrulla-C.P-Avellaneda-descansando-444x300.jpg 444w\" sizes=\"auto, (max-width: 300px) 100vw, 300px\" \/><\/a> El martes 7 de marzo a las 14: 21 hs. luego de una reuni\u00f3n con vecinos de Pi\u00f1eyro preocupados por la suciedad y la inseguridad, alguien sabiendo que somos periodistas se vuelve y nos dice vayan a ver as\u00ed nos cuidan, a primera vista la patrulla del Comado de Prevenci\u00f3n no parec\u00eda estar en infracci\u00f3n y si bien el chofer no estaba visible todo parec\u00eda ser una simple parada en la estaci\u00f3n YPF de las calles Av. Rivadavia y Chile.<\/p>\n<p>Lo que motivo el comentario del vecino que se acerc\u00f3 era que en el asiento del acompa\u00f1ante que se encontraba reclinado se encontraba un efectivo femenino durmiendo, la camioneta policial tiene como identificaci\u00f3n interna Ro. 42415 y patente OIM 828.<\/p>\n<p>Parece casi una ingenuidad que en un barrio donde los vecinos protestan, donde organizan marchas efectivos policiales no tengan el m\u00ednimo respeto por su trabajo.<\/p>\n","protected":false},"excerpt":{"rendered":"<p>El martes 7 de marzo a las 14: 21 hs. luego de una reuni\u00f3n con vecinos de Pi\u00f1eyro preocupados por la suciedad y la inseguridad, alguien sabiendo que somos periodistas se vuelve y nos dice vayan a ver as\u00ed nos cuidan, a primera vista la patrulla del Comado de Prevenci\u00f3n no parec\u00eda estar en infracci\u00f3n&hellip;<\/p>\n","protected":false},"author":1,"featured_media":0,"comment_status":"open","ping_status":"open","sticky":false,"template":"","format":"standard","meta":{"footnotes":""},"categories":[6],"tags":[23423,18389,812,984,93,14951,749,621],"class_list":["post-66072","post","type-post","status-publish","format-standard","hentry","category-denuncias","tag-c-p-avellaneda","tag-durmiendo","tag-efectivos","tag-inseguridad","tag-patrulla","tag-pineyro","tag-policia-bonaerense","tag-ypf"],"_links":{"self":[{"href":"https:\/\/www.elsindical.com.ar\/notas\/wp-json\/wp\/v2\/posts\/66072","targetHints":{"allow":["GET"]}}],"collection":[{"href":"https:\/\/www.elsindical.com.ar\/notas\/wp-json\/wp\/v2\/posts"}],"about":[{"href":"https:\/\/www.elsindical.com.ar\/notas\/wp-json\/wp\/v2\/types\/post"}],"author":[{"embeddable":true,"href":"https:\/\/www.elsindical.com.ar\/notas\/wp-json\/wp\/v2\/users\/1"}],"replies":[{"embeddable":true,"href":"https:\/\/www.elsindical.com.ar\/notas\/wp-json\/wp\/v2\/comments?post=66072"}],"version-history":[{"count":1,"href":"https:\/\/www.elsindical.com.ar\/notas\/wp-json\/wp\/v2\/posts\/66072\/revisions"}],"predecessor-version":[{"id":66074,"href":"https:\/\/www.elsindical.com.ar\/notas\/wp-json\/wp\/v2\/posts\/66072\/revisions\/66074"}],"wp:attachment":[{"href":"https:\/\/www.elsindical.com.ar\/notas\/wp-json\/wp\/v2\/media?parent=66072"}],"wp:term":[{"taxonomy":"category","embeddable":true,"href":"https:\/\/www.elsindical.com.ar\/notas\/wp-json\/wp\/v2\/categories?post=66072"},{"taxonomy":"post_tag","embeddable":true,"href":"https:\/\/www.elsindical.com.ar\/notas\/wp-json\/wp\/v2\/tags?post=66072"}],"curies":[{"name":"wp","href":"https:\/\/api.w.org\/{rel}","templated":true}]}}