{"id":66012,"date":"2017-03-06T14:55:11","date_gmt":"2017-03-06T17:55:11","guid":{"rendered":"http:\/\/www.elsindical.com.ar\/notas\/?p=66012"},"modified":"2017-03-06T14:55:11","modified_gmt":"2017-03-06T17:55:11","slug":"i-con-el-nuevo-preservativo-inteligente-que-te-evalua","status":"publish","type":"post","link":"https:\/\/www.elsindical.com.ar\/notas\/i-con-el-nuevo-preservativo-inteligente-que-te-evalua\/","title":{"rendered":"i.Con, el nuevo preservativo inteligente que te \u00abeval\u00faa\u00bb"},"content":{"rendered":"<p><em>\u00a0<a href=\"http:\/\/www.elsindical.com.ar\/notas\/var\/www\/html\/notas\/wp-content\/uploads\/2017\/03\/iCon.jpg\"><img loading=\"lazy\" decoding=\"async\" class=\"alignnone size-medium wp-image-66013\" src=\"http:\/\/www.elsindical.com.ar\/notas\/var\/www\/html\/notas\/wp-content\/uploads\/2017\/03\/iCon-300x168.jpg\" alt=\"\" width=\"300\" height=\"168\" srcset=\"https:\/\/www.elsindical.com.ar\/notas\/var\/www\/html\/notas\/wp-content\/uploads\/2017\/03\/iCon-300x168.jpg 300w, https:\/\/www.elsindical.com.ar\/notas\/var\/www\/html\/notas\/wp-content\/uploads\/2017\/03\/iCon-768x430.jpg 768w, https:\/\/www.elsindical.com.ar\/notas\/var\/www\/html\/notas\/wp-content\/uploads\/2017\/03\/iCon-1024x573.jpg 1024w, https:\/\/www.elsindical.com.ar\/notas\/var\/www\/html\/notas\/wp-content\/uploads\/2017\/03\/iCon-500x280.jpg 500w, https:\/\/www.elsindical.com.ar\/notas\/var\/www\/html\/notas\/wp-content\/uploads\/2017\/03\/iCon.jpg 1170w\" sizes=\"auto, (max-width: 300px) 100vw, 300px\" \/><\/a>\u00a0 Este nuevo accesorio se pone en la parte inferior del cond\u00f3n para \u00abcalificar\u00bb el rendimiento durante un encuentro amoroso. A\u00fan no tiene fecha de salida.<\/em><\/p>\n<p>I.Con es un accesorio inteligente con forma de anillo que se pone en la parte inferior del cond\u00f3n para \u00abcalificar\u00bb el rendimiento durante un encuentro amoroso.<\/p>\n<p>Mide calor\u00edas quemadas durante el acto, velocidad de los \u00abempujes\u00bb, n\u00famero total de \u201cempujes\u201d, frecuencia de las sesiones, duraci\u00f3n total de las sesiones, velocidad media de la sesi\u00f3n, medida de la circunferencia, posiciones utilizadas y temperatura de la piel<\/p>\n<p>El \u00abpreservativo inteligente\u00bb todav\u00eda no tiene fecha de salida, pero costar\u00e1 60 libras en el Reino Unido. Para recopilar la informaci\u00f3n se conecta v\u00eda bluetooth con un tel\u00e9fono inteligente, donde registra toda la data de cada encuentro sexual.<\/p>\n<p>Los datos se pueden registrar de forma an\u00f3nima, pero los usuarios tambi\u00e9n tendr\u00e1n la opci\u00f3n de compartir sus datos.<\/p>\n","protected":false},"excerpt":{"rendered":"<p>\u00a0\u00a0 Este nuevo accesorio se pone en la parte inferior del cond\u00f3n para \u00abcalificar\u00bb el rendimiento durante un encuentro amoroso. A\u00fan no tiene fecha de salida. I.Con es un accesorio inteligente con forma de anillo que se pone en la parte inferior del cond\u00f3n para \u00abcalificar\u00bb el rendimiento durante un encuentro amoroso. Mide calor\u00edas quemadas&hellip;<\/p>\n","protected":false},"author":1,"featured_media":0,"comment_status":"open","ping_status":"open","sticky":false,"template":"","format":"standard","meta":{"footnotes":""},"categories":[29],"tags":[25429,25430,25428,6150],"class_list":["post-66012","post","type-post","status-publish","format-standard","hentry","category-informatica","tag-condon","tag-encuentro-sexual","tag-icon","tag-preservativo"],"_links":{"self":[{"href":"https:\/\/www.elsindical.com.ar\/notas\/wp-json\/wp\/v2\/posts\/66012","targetHints":{"allow":["GET"]}}],"collection":[{"href":"https:\/\/www.elsindical.com.ar\/notas\/wp-json\/wp\/v2\/posts"}],"about":[{"href":"https:\/\/www.elsindical.com.ar\/notas\/wp-json\/wp\/v2\/types\/post"}],"author":[{"embeddable":true,"href":"https:\/\/www.elsindical.com.ar\/notas\/wp-json\/wp\/v2\/users\/1"}],"replies":[{"embeddable":true,"href":"https:\/\/www.elsindical.com.ar\/notas\/wp-json\/wp\/v2\/comments?post=66012"}],"version-history":[{"count":1,"href":"https:\/\/www.elsindical.com.ar\/notas\/wp-json\/wp\/v2\/posts\/66012\/revisions"}],"predecessor-version":[{"id":66014,"href":"https:\/\/www.elsindical.com.ar\/notas\/wp-json\/wp\/v2\/posts\/66012\/revisions\/66014"}],"wp:attachment":[{"href":"https:\/\/www.elsindical.com.ar\/notas\/wp-json\/wp\/v2\/media?parent=66012"}],"wp:term":[{"taxonomy":"category","embeddable":true,"href":"https:\/\/www.elsindical.com.ar\/notas\/wp-json\/wp\/v2\/categories?post=66012"},{"taxonomy":"post_tag","embeddable":true,"href":"https:\/\/www.elsindical.com.ar\/notas\/wp-json\/wp\/v2\/tags?post=66012"}],"curies":[{"name":"wp","href":"https:\/\/api.w.org\/{rel}","templated":true}]}}