{"id":65964,"date":"2017-03-05T00:09:11","date_gmt":"2017-03-05T03:09:11","guid":{"rendered":"http:\/\/www.elsindical.com.ar\/notas\/?p=65964"},"modified":"2017-03-05T00:09:11","modified_gmt":"2017-03-05T03:09:11","slug":"berazategui-dos-menores-en-bicicleta-asesinan-a-policia-durante-robo","status":"publish","type":"post","link":"https:\/\/www.elsindical.com.ar\/notas\/berazategui-dos-menores-en-bicicleta-asesinan-a-policia-durante-robo\/","title":{"rendered":"Berazategui: Dos menores en bicicleta asesinan a polic\u00eda durante robo"},"content":{"rendered":"<p><em><a href=\"http:\/\/www.elsindical.com.ar\/notas\/var\/www\/html\/notas\/wp-content\/uploads\/2017\/03\/zona-asesinato-Berazategui.jpg\"><img loading=\"lazy\" decoding=\"async\" class=\"alignnone size-medium wp-image-65965\" src=\"http:\/\/www.elsindical.com.ar\/notas\/var\/www\/html\/notas\/wp-content\/uploads\/2017\/03\/zona-asesinato-Berazategui-300x158.jpg\" alt=\"\" width=\"300\" height=\"158\" srcset=\"https:\/\/www.elsindical.com.ar\/notas\/var\/www\/html\/notas\/wp-content\/uploads\/2017\/03\/zona-asesinato-Berazategui-300x158.jpg 300w, https:\/\/www.elsindical.com.ar\/notas\/var\/www\/html\/notas\/wp-content\/uploads\/2017\/03\/zona-asesinato-Berazategui-500x263.jpg 500w, https:\/\/www.elsindical.com.ar\/notas\/var\/www\/html\/notas\/wp-content\/uploads\/2017\/03\/zona-asesinato-Berazategui.jpg 680w\" sizes=\"auto, (max-width: 300px) 100vw, 300px\" \/><\/a>\u00a0 Un oficial de la Fuerza policial, de 57 a\u00f1os, fue ultimado por dos marginales adolescentes que se desplazaban en bicicleta en la localidad bonaerense de Berazategui. La v\u00edctima, que se dirig\u00eda a buscar a su hija a la parada de colectivos, recibi\u00f3 un fatal disparo en la axila derecha tras resistirse al asalto.<\/em><\/p>\n<p>Dos bicichorros asesinaron salvajemente a balazos a un polic\u00eda federal retirado, a quien pretendieron desvalijar mientras el hombre se dirig\u00eda a una parada de colectivos, a esperar a una de sus hijas, en un cruento suceso que se registr\u00f3 en la localidad bonaerense de Berazategui. Momentos despu\u00e9s, los criminales, de 16 y 15 a\u00f1os, fueron detenidos por los pesquisas, como saldo de varios procedimientos.<\/p>\n<p>Los voceros de los tribunales de Quilmes revelaron que la infortunada v\u00edctima fue identificada como Roberto Daniel Giuliani, de 57 a\u00f1os.<\/p>\n<p>El hecho se produjo a las 23.30 del viernes pasado, cuando el damnificado, que se afirma que era una polic\u00eda federal jubilado, se dirig\u00eda a pie hasta una parada de \u00f3mnibus, ya que pensaba aguardar el arribo de una de sus hijas. En estas circunstancias, en el cruce de 28 y 153, en la zona de Villa Espa\u00f1a y a escasos 40 metros de las v\u00edas del Ferrocarril General Roca, aparecieron en escena 2 hampones, quienes se desplazaban a bordo de bicicletas. Los marginales extrajeron armas de fuego y amenazaron de muerte a Giuliani, exigi\u00e9ndole la entrega de sus objetos de valor.<\/p>\n<p>Sin embargo, la v\u00edctima se resisti\u00f3 al asalto y comenz\u00f3 a forcejear violentamente con estos individuos, hasta que uno de ellos le dispar\u00f3, a escasa distancia, un certero balazo en la axila derecha, provoc\u00e1ndole el fallecimiento de manera instant\u00e1nea. De inmediato, los agresores fugaron r\u00e1pidamente.<\/p>\n<p>Pesquisas policiales de la comisar\u00eda 1\u00aa de Berazategui llegaron al escenario del il\u00edcito luego de ser alertados de la situaci\u00f3n por uno de los vecinos del lugar. El testigo, que sali\u00f3 a la vereda tras escuchar la detonaci\u00f3n, resolvi\u00f3 avisar del caso al n\u00famero telef\u00f3nico de emergencias 911.<\/p>\n<p>Gracias a los diferentes datos aportados por habitantes del vecindario y al an\u00e1lisis de las diversas im\u00e1genes captadas por las c\u00e1maras de vigilancia de la zona, los servidores p\u00fablicos realizaron en la madrugada de ayer un procedimiento en una finca, situada en 163, entre 29 y 30, en Villa Mitre, en Pl\u00e1tanos, donde apresaron a uno de los sujetos, de 16 a\u00f1os, en cuyo poder incautaron una bicicleta y un rev\u00f3lver 22 largo, que se presume habr\u00eda sido utilizado para asesinar a la v\u00edctima.<\/p>\n<p>Ya en horas de la tarde, los integrantes de la seccional concretaron otro allanamiento y, esta vez, en una vivienda ubicada en la esquina de 30 y 164, a 300 metros de la Autopista Buenos Aires-La Plata, detuvieron al restante involucrado en el crimen, que result\u00f3 ser un adolescente de 15 a\u00f1os, conocido con el apodo de \u201cEl Pollo\u201d. De acuerdo a lo manifestado por los informantes, en las diligencias adem\u00e1s fueron secuestradas las 2 bicicletas de los sanguinarios asesinos.<\/p>\n<p>Intervino en la causa la doctora Silvia Noem\u00ed Borrone, Fiscal de la Unidad Funcional N\u00b0 4 de Berazategui, aunque se asegura que, por la condici\u00f3n de menores de los forajidos apresados, el expediente le ser\u00e1 enviado al doctor Federico Mauricio Weinstein, titular de la Fiscal\u00eda de Responsabilidad Juvenil N\u00b0 1 del citado distrito, correspondiente al departamento judicial de Quilmes.<\/p>\n","protected":false},"excerpt":{"rendered":"<p>\u00a0 Un oficial de la Fuerza policial, de 57 a\u00f1os, fue ultimado por dos marginales adolescentes que se desplazaban en bicicleta en la localidad bonaerense de Berazategui. La v\u00edctima, que se dirig\u00eda a buscar a su hija a la parada de colectivos, recibi\u00f3 un fatal disparo en la axila derecha tras resistirse al asalto. Dos&hellip;<\/p>\n","protected":false},"author":1,"featured_media":0,"comment_status":"open","ping_status":"open","sticky":false,"template":"","format":"standard","meta":{"footnotes":""},"categories":[22],"tags":[363,1277,958,25412,15586],"class_list":["post-65964","post","type-post","status-publish","format-standard","hentry","category-policiales","tag-asesinato","tag-berazategui","tag-policia-federal","tag-roberto-daniel-giuliani","tag-villa-espana"],"_links":{"self":[{"href":"https:\/\/www.elsindical.com.ar\/notas\/wp-json\/wp\/v2\/posts\/65964","targetHints":{"allow":["GET"]}}],"collection":[{"href":"https:\/\/www.elsindical.com.ar\/notas\/wp-json\/wp\/v2\/posts"}],"about":[{"href":"https:\/\/www.elsindical.com.ar\/notas\/wp-json\/wp\/v2\/types\/post"}],"author":[{"embeddable":true,"href":"https:\/\/www.elsindical.com.ar\/notas\/wp-json\/wp\/v2\/users\/1"}],"replies":[{"embeddable":true,"href":"https:\/\/www.elsindical.com.ar\/notas\/wp-json\/wp\/v2\/comments?post=65964"}],"version-history":[{"count":1,"href":"https:\/\/www.elsindical.com.ar\/notas\/wp-json\/wp\/v2\/posts\/65964\/revisions"}],"predecessor-version":[{"id":65966,"href":"https:\/\/www.elsindical.com.ar\/notas\/wp-json\/wp\/v2\/posts\/65964\/revisions\/65966"}],"wp:attachment":[{"href":"https:\/\/www.elsindical.com.ar\/notas\/wp-json\/wp\/v2\/media?parent=65964"}],"wp:term":[{"taxonomy":"category","embeddable":true,"href":"https:\/\/www.elsindical.com.ar\/notas\/wp-json\/wp\/v2\/categories?post=65964"},{"taxonomy":"post_tag","embeddable":true,"href":"https:\/\/www.elsindical.com.ar\/notas\/wp-json\/wp\/v2\/tags?post=65964"}],"curies":[{"name":"wp","href":"https:\/\/api.w.org\/{rel}","templated":true}]}}