{"id":65916,"date":"2017-03-03T10:31:11","date_gmt":"2017-03-03T13:31:11","guid":{"rendered":"http:\/\/www.elsindical.com.ar\/notas\/?p=65916"},"modified":"2017-03-03T10:31:11","modified_gmt":"2017-03-03T13:31:11","slug":"la-union-informatica-y-empresas-bajo-convenio-acordaron-un-25-de-aumento","status":"publish","type":"post","link":"https:\/\/www.elsindical.com.ar\/notas\/la-union-informatica-y-empresas-bajo-convenio-acordaron-un-25-de-aumento\/","title":{"rendered":"La Uni\u00f3n Inform\u00e1tica y empresas bajo convenio acordaron un 25% de aumento"},"content":{"rendered":"<p><em>\u00a0<a href=\"http:\/\/www.elsindical.com.ar\/notas\/var\/www\/html\/notas\/wp-content\/uploads\/2012\/08\/protesta-Uni\u00f3n-Inform\u00e1tica-02.jpg\"><img loading=\"lazy\" decoding=\"async\" class=\"alignnone size-medium wp-image-26445\" src=\"http:\/\/www.elsindical.com.ar\/notas\/var\/www\/html\/notas\/wp-content\/uploads\/2012\/08\/protesta-Uni\u00f3n-Inform\u00e1tica-02-300x241.jpg\" alt=\"\" width=\"300\" height=\"241\" srcset=\"https:\/\/www.elsindical.com.ar\/notas\/var\/www\/html\/notas\/wp-content\/uploads\/2012\/08\/protesta-Uni\u00f3n-Inform\u00e1tica-02-300x241.jpg 300w, https:\/\/www.elsindical.com.ar\/notas\/var\/www\/html\/notas\/wp-content\/uploads\/2012\/08\/protesta-Uni\u00f3n-Inform\u00e1tica-02.jpg 443w\" sizes=\"auto, (max-width: 300px) 100vw, 300px\" \/><\/a>\u00a0 El gremio inform\u00e1tico rompi\u00f3 el 18% que impulsa el gobierno nacional y asegura que empresas tomar\u00e1n como \u201ccaso testigo\u201d el reciente acuerdo.<\/em><\/p>\n<p>La Uni\u00f3n Inform\u00e1tica cerr\u00f3 la tercera negociaci\u00f3n colectiva de la actividad inform\u00e1tica en el pa\u00eds. Por encima de los n\u00fameros que pretend\u00edan tanto empresarios como las proyecciones del gobierno, la organizaci\u00f3n gremial obtuvo un porcentaje mayor: un 25%. Toda la informaci\u00f3n del nuevo acuerdo salarial, las nuevas categor\u00edas, beneficios y mejoras para 2017.<\/p>\n<p>El aumento salarial para 2017 acordado entre la Uni\u00f3n Inform\u00e1tica y las empresas conveniadas, ser\u00e1 de un 25%. Seg\u00fan confirmaron desde el Consejo Directivo de la organizaci\u00f3n gremial, el porcentaje se acord\u00f3 con los directivos de las empresas en una negociaci\u00f3n colectiva donde se evaluaron todas las posibilidaddes, desde la macroeconom\u00eda hasta la realidad del poder adquisitivo de los empleados del sector.<\/p>\n<p>En lo que se proyecta como un a\u00f1o complicado, en que dif\u00edcilmente se cumplan las proyecciones de inflaci\u00f3n oficiales del 17% \u00f3 18%, la Uni\u00f3n Inform\u00e1tica alcanz\u00f3 un acuerdo que puede considerarse satisfactorio de acuerdo a las expectativas inflacionarias.<\/p>\n<p>Los representantes de las empresas conveniadas \u2014muchos de ellas ya participaron en las negociaciones colectivas de 2016\u2014 en la negociaci\u00f3n con los dirigentes de la Uni\u00f3n Inform\u00e1tica, Pablo Dorin y Christian Garc\u00eda, acordaron las actualizaciones de las escalas salariales y la vigencia del Convenio Colectivo de Trabajo firmado en 2015.<\/p>\n<p>De esta manera contin\u00faa la institucionalizaci\u00f3n en la industria inform\u00e1tica local, de nuevas reglas de juego que incluyen el inter\u00e9s conjunto de quienes son el sustento de la misma. Cada a\u00f1o, m\u00e1s empresas son incluidas en el convenio que mejora las condiciones laborales de cada vez m\u00e1s empleados de empresas inform\u00e1ticas.<\/p>\n<p>No s\u00f3lo en las empresas bajo convenio se implementan estas mejoras salariales y laborales. Muchas otras, a\u00fan fuera de convenio, toman como \u201ccaso testigo\u201d la paritaria de la Uni\u00f3n Inform\u00e1tica. As\u00ed actuaron en consecuencia otras firmas que dieron \u2014muchas en c\u00f3modas cuotas\u2014 aumentos cercanos o similares a los que obtuvo la Uni\u00f3n.<\/p>\n","protected":false},"excerpt":{"rendered":"<p>\u00a0\u00a0 El gremio inform\u00e1tico rompi\u00f3 el 18% que impulsa el gobierno nacional y asegura que empresas tomar\u00e1n como \u201ccaso testigo\u201d el reciente acuerdo. La Uni\u00f3n Inform\u00e1tica cerr\u00f3 la tercera negociaci\u00f3n colectiva de la actividad inform\u00e1tica en el pa\u00eds. Por encima de los n\u00fameros que pretend\u00edan tanto empresarios como las proyecciones del gobierno, la organizaci\u00f3n gremial&hellip;<\/p>\n","protected":false},"author":1,"featured_media":0,"comment_status":"open","ping_status":"open","sticky":false,"template":"","format":"standard","meta":{"footnotes":""},"categories":[16],"tags":[357,4318,2105,803,12097],"class_list":["post-65916","post","type-post","status-publish","format-standard","hentry","category-gremiales","tag-aumento","tag-convenio","tag-empresas","tag-salarios","tag-union-informatica"],"_links":{"self":[{"href":"https:\/\/www.elsindical.com.ar\/notas\/wp-json\/wp\/v2\/posts\/65916","targetHints":{"allow":["GET"]}}],"collection":[{"href":"https:\/\/www.elsindical.com.ar\/notas\/wp-json\/wp\/v2\/posts"}],"about":[{"href":"https:\/\/www.elsindical.com.ar\/notas\/wp-json\/wp\/v2\/types\/post"}],"author":[{"embeddable":true,"href":"https:\/\/www.elsindical.com.ar\/notas\/wp-json\/wp\/v2\/users\/1"}],"replies":[{"embeddable":true,"href":"https:\/\/www.elsindical.com.ar\/notas\/wp-json\/wp\/v2\/comments?post=65916"}],"version-history":[{"count":1,"href":"https:\/\/www.elsindical.com.ar\/notas\/wp-json\/wp\/v2\/posts\/65916\/revisions"}],"predecessor-version":[{"id":65917,"href":"https:\/\/www.elsindical.com.ar\/notas\/wp-json\/wp\/v2\/posts\/65916\/revisions\/65917"}],"wp:attachment":[{"href":"https:\/\/www.elsindical.com.ar\/notas\/wp-json\/wp\/v2\/media?parent=65916"}],"wp:term":[{"taxonomy":"category","embeddable":true,"href":"https:\/\/www.elsindical.com.ar\/notas\/wp-json\/wp\/v2\/categories?post=65916"},{"taxonomy":"post_tag","embeddable":true,"href":"https:\/\/www.elsindical.com.ar\/notas\/wp-json\/wp\/v2\/tags?post=65916"}],"curies":[{"name":"wp","href":"https:\/\/api.w.org\/{rel}","templated":true}]}}