{"id":6579,"date":"2010-05-15T12:50:02","date_gmt":"2010-05-15T15:50:02","guid":{"rendered":"http:\/\/www.elsindical.com.ar\/notas\/?p=6579"},"modified":"2010-05-15T12:50:02","modified_gmt":"2010-05-15T15:50:02","slug":"quilmes-empleados-de-la-papelera-ex-massuh-denunciaron-aprietes","status":"publish","type":"post","link":"https:\/\/www.elsindical.com.ar\/notas\/quilmes-empleados-de-la-papelera-ex-massuh-denunciaron-aprietes\/","title":{"rendered":"Quilmes: Empleados de la papelera ex Massuh denunciaron aprietes"},"content":{"rendered":"<p style=\"text-align: justify;\"><a href=\"http:\/\/www.elsindical.com.ar\/notas\/var\/www\/html\/notas\/wp-content\/uploads\/2010\/05\/Guillermo-Moreno-ex-Massuh.jpg\"><img loading=\"lazy\" decoding=\"async\" class=\"alignleft size-medium wp-image-6580\" title=\"Guillermo-Moreno-ex-Massuh\" src=\"http:\/\/www.elsindical.com.ar\/notas\/var\/www\/html\/notas\/wp-content\/uploads\/2010\/05\/Guillermo-Moreno-ex-Massuh-300x181.jpg\" alt=\"\" width=\"300\" height=\"181\" srcset=\"https:\/\/www.elsindical.com.ar\/notas\/var\/www\/html\/notas\/wp-content\/uploads\/2010\/05\/Guillermo-Moreno-ex-Massuh-300x181.jpg 300w, https:\/\/www.elsindical.com.ar\/notas\/var\/www\/html\/notas\/wp-content\/uploads\/2010\/05\/Guillermo-Moreno-ex-Massuh.jpg 312w\" sizes=\"auto, (max-width: 300px) 100vw, 300px\" \/><\/a>El secretario de Comercio Interior particip\u00f3 de una asamblea con los empleados, aunque estos dijeron que no los dej\u00f3 hablar. Les dio plazo hasta la jornada de hoy para que acepten sus condiciones y se pueda seguir con la planta como cooperativa. Si eso no sucede, pasar\u00e1 directamente a remate.<\/p>\n<p style=\"text-align: justify;\">Menos lindo, todos los dem\u00e1s calificativos tuvieron los empleados de la ex papelera Massuh para el secretario de Comercio Interior, Guillermo Moreno, que sienten que si no toman hoy, la que se les plante\u00f3 como la decisi\u00f3n correcta , podr\u00edan pasar a ser tambi\u00e9n ex empleados.<\/p>\n<p style=\"text-align: justify;\">El funcionario que hab\u00eda impulsado hace un a\u00f1o un sistema de fideicomiso, vino a encabezar una asamblea con los trabajadores, donde estos \u00faltimos dijeron que en realidad, no pudimos hablar, porque Moreno no quiere ser interrumpido .<\/p>\n<p style=\"text-align: justify;\">Por esa raz\u00f3n, tras la salida del funcionario encararon una asamblea, ya s\u00f3lo de trabajadores, y decidieron seguir adelante con las medidas previstas para hoy: marchar al Ministerio de Trabajo y reclamar el pago de los sueldos adeudados (de m\u00e1s de 40 d\u00edas para los mensualizados, y de m\u00e1s de una quincena para quienes perciben haberes con ese sistema).<\/p>\n","protected":false},"excerpt":{"rendered":"<p>El secretario de Comercio Interior particip\u00f3 de una asamblea con los empleados, aunque estos dijeron que no los dej\u00f3 hablar. Les dio plazo hasta la jornada de hoy para que acepten sus condiciones y se pueda seguir con la planta como cooperativa. Si eso no sucede, pasar\u00e1 directamente a remate. Menos lindo, todos los dem\u00e1s&hellip;<\/p>\n","protected":false},"author":1,"featured_media":0,"comment_status":"open","ping_status":"open","sticky":false,"template":"","format":"standard","meta":{"footnotes":""},"categories":[16],"tags":[54,3397,3306,684],"class_list":["post-6579","post","type-post","status-publish","format-standard","hentry","category-gremiales","tag-empleados","tag-guillermo-moreno","tag-massuh","tag-quilmes"],"_links":{"self":[{"href":"https:\/\/www.elsindical.com.ar\/notas\/wp-json\/wp\/v2\/posts\/6579","targetHints":{"allow":["GET"]}}],"collection":[{"href":"https:\/\/www.elsindical.com.ar\/notas\/wp-json\/wp\/v2\/posts"}],"about":[{"href":"https:\/\/www.elsindical.com.ar\/notas\/wp-json\/wp\/v2\/types\/post"}],"author":[{"embeddable":true,"href":"https:\/\/www.elsindical.com.ar\/notas\/wp-json\/wp\/v2\/users\/1"}],"replies":[{"embeddable":true,"href":"https:\/\/www.elsindical.com.ar\/notas\/wp-json\/wp\/v2\/comments?post=6579"}],"version-history":[{"count":1,"href":"https:\/\/www.elsindical.com.ar\/notas\/wp-json\/wp\/v2\/posts\/6579\/revisions"}],"predecessor-version":[{"id":6581,"href":"https:\/\/www.elsindical.com.ar\/notas\/wp-json\/wp\/v2\/posts\/6579\/revisions\/6581"}],"wp:attachment":[{"href":"https:\/\/www.elsindical.com.ar\/notas\/wp-json\/wp\/v2\/media?parent=6579"}],"wp:term":[{"taxonomy":"category","embeddable":true,"href":"https:\/\/www.elsindical.com.ar\/notas\/wp-json\/wp\/v2\/categories?post=6579"},{"taxonomy":"post_tag","embeddable":true,"href":"https:\/\/www.elsindical.com.ar\/notas\/wp-json\/wp\/v2\/tags?post=6579"}],"curies":[{"name":"wp","href":"https:\/\/api.w.org\/{rel}","templated":true}]}}