{"id":65680,"date":"2017-02-21T11:37:01","date_gmt":"2017-02-21T14:37:01","guid":{"rendered":"http:\/\/www.elsindical.com.ar\/notas\/?p=65680"},"modified":"2017-02-21T11:37:01","modified_gmt":"2017-02-21T14:37:01","slug":"lomas-de-zamora-fiscalia-pidio-6-meses-de-prision-para-policia-acusado-de-violencia-de-genero","status":"publish","type":"post","link":"https:\/\/www.elsindical.com.ar\/notas\/lomas-de-zamora-fiscalia-pidio-6-meses-de-prision-para-policia-acusado-de-violencia-de-genero\/","title":{"rendered":"Lomas de Zamora: Fiscal\u00eda pidi\u00f3 6 meses de prisi\u00f3n para polic\u00eda acusado de violencia de g\u00e9nero"},"content":{"rendered":"<p><em>\u00a0\u00a0 <a href=\"http:\/\/www.elsindical.com.ar\/notas\/var\/www\/html\/notas\/wp-content\/uploads\/2010\/08\/Tribunales-de-Lomas-de-Zamo.jpg\"><img loading=\"lazy\" decoding=\"async\" class=\"alignnone size-medium wp-image-9102\" src=\"http:\/\/www.elsindical.com.ar\/notas\/var\/www\/html\/notas\/wp-content\/uploads\/2010\/08\/Tribunales-de-Lomas-de-Zamo-300x172.jpg\" alt=\"\" width=\"300\" height=\"172\" srcset=\"https:\/\/www.elsindical.com.ar\/notas\/var\/www\/html\/notas\/wp-content\/uploads\/2010\/08\/Tribunales-de-Lomas-de-Zamo-300x172.jpg 300w, https:\/\/www.elsindical.com.ar\/notas\/var\/www\/html\/notas\/wp-content\/uploads\/2010\/08\/Tribunales-de-Lomas-de-Zamo.jpg 413w\" sizes=\"auto, (max-width: 300px) 100vw, 300px\" \/><\/a>El Fiscal de Lomas de Zamora Osvaldo Carrea, quien lleva adelante la causa de lesiones leves generadas por un polic\u00eda de la zona hacia quien fuera su pareja, aleg\u00f3 que las mismas est\u00e1n encuadradas en el marco de la violencia de g\u00e9nero, por lo que pidi\u00f3 una pena de seis meses de prisi\u00f3n en suspenso. El caso fue denunciado la semana pasada en los medios, cuando Betina Tocci, la v\u00edctima, solicit\u00f3 apoyo de organizaciones y cont\u00f3 los hechos de violencia que vivi\u00f3 con el acusado, y que la llevaron a iniciarle acciones legales.<\/em><\/p>\n<p>El Fiscal y la defensa realizaron sus alegatos ante el Juzgado Correccional 1 de Lomas de Zamora, y ahora se espera la sentencia, que se dar\u00e1 a conocer en el transcurso de la semana. El hecho ocurri\u00f3 el 3 de septiembre de 2014, cuando luego de haber hecho una divisi\u00f3n monetaria, Tocci denunci\u00f3 que su pareja la empuj\u00f3 hacia la vereda, se golpe\u00f3 la cabeza y termin\u00f3 internada con p\u00e9rdida de conocimiento.<\/p>\n<p>El Fiscal Carrea pidi\u00f3 una pena de seis meses de prisi\u00f3n y pidi\u00f3 el agravamiento de la car\u00e1tula de la causa por el contexto de violencia de g\u00e9nero y por el hecho de haber sido pareja. Para \u00e9l, el hecho que deriv\u00f3 en juicio, \u201cno fue un hecho aislado\u201d y los elementos que se presentaron en la causa fueron \u201ccontundentes\u201d para culminar en un veredicto condenatorio.<\/p>\n<p>Por otro lado, Nazareno Tarquini, abogado defensor de Jos\u00e9 Daniel Hoffman (polic\u00eda del destacamento segundo de Alejandro Korn), asegur\u00f3 que la agresi\u00f3n \u201cno qued\u00f3 demostrada\u201d respald\u00e1ndose en los relatos que minutos antes hab\u00edan efectuado frente al juez Ignacio del Castillo la hermana del acusado, su madre y su actual pareja. Seg\u00fan ellas, Tocci \u201cagredi\u00f3 f\u00edsica y verbalmente\u201d al acusado el d\u00eda de los hechos, y no al rev\u00e9s. Adem\u00e1s, indic\u00f3 que Tocci \u201casedia y persigue\u201d a Hoffman desde que se separaron.<\/p>\n<p>Betina Tocci, acompa\u00f1ada por distintas organizaciones de g\u00e9nero de la zona, indic\u00f3 al portal que le dio \u201cbronca e impotencia\u201d escuchar la pena que exigi\u00f3 la fiscal\u00eda, y asegur\u00f3: \u201cel da\u00f1o psicol\u00f3gico, f\u00edsica y emocional no me lo saca nadie por el resto de mi vida\u201d. En cuanto a las consecuencias que deber\u00eda haber sufrido el acusado seg\u00fan el asesoramiento que le dieron a Betina pero que no fueron llevadas a cabo, afirm\u00f3 que si ese d\u00eda la hubiese \u201cagarrado y tirado con un poquito de m\u00e1s fuerza, me mataba y ah\u00ed al menos lo iban a pasar a disponibilidad\u201d.<\/p>\n","protected":false},"excerpt":{"rendered":"<p>\u00a0\u00a0 El Fiscal de Lomas de Zamora Osvaldo Carrea, quien lleva adelante la causa de lesiones leves generadas por un polic\u00eda de la zona hacia quien fuera su pareja, aleg\u00f3 que las mismas est\u00e1n encuadradas en el marco de la violencia de g\u00e9nero, por lo que pidi\u00f3 una pena de seis meses de prisi\u00f3n en&hellip;<\/p>\n","protected":false},"author":1,"featured_media":0,"comment_status":"open","ping_status":"open","sticky":false,"template":"","format":"standard","meta":{"footnotes":""},"categories":[20],"tags":[25325,25324,25326,744,572],"class_list":["post-65680","post","type-post","status-publish","format-standard","hentry","category-judiciales","tag-betina-tocci","tag-fiscal-carrea","tag-jose-daniel-hoffman","tag-lomas-de-zamora","tag-violencia-de-genero"],"_links":{"self":[{"href":"https:\/\/www.elsindical.com.ar\/notas\/wp-json\/wp\/v2\/posts\/65680","targetHints":{"allow":["GET"]}}],"collection":[{"href":"https:\/\/www.elsindical.com.ar\/notas\/wp-json\/wp\/v2\/posts"}],"about":[{"href":"https:\/\/www.elsindical.com.ar\/notas\/wp-json\/wp\/v2\/types\/post"}],"author":[{"embeddable":true,"href":"https:\/\/www.elsindical.com.ar\/notas\/wp-json\/wp\/v2\/users\/1"}],"replies":[{"embeddable":true,"href":"https:\/\/www.elsindical.com.ar\/notas\/wp-json\/wp\/v2\/comments?post=65680"}],"version-history":[{"count":1,"href":"https:\/\/www.elsindical.com.ar\/notas\/wp-json\/wp\/v2\/posts\/65680\/revisions"}],"predecessor-version":[{"id":65681,"href":"https:\/\/www.elsindical.com.ar\/notas\/wp-json\/wp\/v2\/posts\/65680\/revisions\/65681"}],"wp:attachment":[{"href":"https:\/\/www.elsindical.com.ar\/notas\/wp-json\/wp\/v2\/media?parent=65680"}],"wp:term":[{"taxonomy":"category","embeddable":true,"href":"https:\/\/www.elsindical.com.ar\/notas\/wp-json\/wp\/v2\/categories?post=65680"},{"taxonomy":"post_tag","embeddable":true,"href":"https:\/\/www.elsindical.com.ar\/notas\/wp-json\/wp\/v2\/tags?post=65680"}],"curies":[{"name":"wp","href":"https:\/\/api.w.org\/{rel}","templated":true}]}}