{"id":65674,"date":"2017-02-21T11:16:33","date_gmt":"2017-02-21T14:16:33","guid":{"rendered":"http:\/\/www.elsindical.com.ar\/notas\/?p=65674"},"modified":"2017-02-21T11:16:43","modified_gmt":"2017-02-21T14:16:43","slug":"lomas-de-zamora-delincuentes-roban-dentro-un-colectivo-y-al-escapar-balean-a-joven-de-15-anos","status":"publish","type":"post","link":"https:\/\/www.elsindical.com.ar\/notas\/lomas-de-zamora-delincuentes-roban-dentro-un-colectivo-y-al-escapar-balean-a-joven-de-15-anos\/","title":{"rendered":"Lomas de Zamora: Delincuentes roban dentro un colectivo y al escapar balean a joven de 15 a\u00f1os"},"content":{"rendered":"<p><em>\u00a0 <a href=\"http:\/\/www.elsindical.com.ar\/notas\/var\/www\/html\/notas\/wp-content\/uploads\/2017\/02\/colectivo-l\u00ednea-541.jpg\"><img loading=\"lazy\" decoding=\"async\" class=\"alignnone size-medium wp-image-65675\" src=\"http:\/\/www.elsindical.com.ar\/notas\/var\/www\/html\/notas\/wp-content\/uploads\/2017\/02\/colectivo-l\u00ednea-541-300x225.jpg\" alt=\"\" width=\"300\" height=\"225\" srcset=\"https:\/\/www.elsindical.com.ar\/notas\/var\/www\/html\/notas\/wp-content\/uploads\/2017\/02\/colectivo-l\u00ednea-541-300x225.jpg 300w, https:\/\/www.elsindical.com.ar\/notas\/var\/www\/html\/notas\/wp-content\/uploads\/2017\/02\/colectivo-l\u00ednea-541-768x576.jpg 768w, https:\/\/www.elsindical.com.ar\/notas\/var\/www\/html\/notas\/wp-content\/uploads\/2017\/02\/colectivo-l\u00ednea-541-1024x768.jpg 1024w, https:\/\/www.elsindical.com.ar\/notas\/var\/www\/html\/notas\/wp-content\/uploads\/2017\/02\/colectivo-l\u00ednea-541-400x300.jpg 400w, https:\/\/www.elsindical.com.ar\/notas\/var\/www\/html\/notas\/wp-content\/uploads\/2017\/02\/colectivo-l\u00ednea-541.jpg 1170w\" sizes=\"auto, (max-width: 300px) 100vw, 300px\" \/><\/a>Luego de despojar de sus pertenencias al chofer y a los pasajeros salieron corriendo, tras lo cual quisieron asaltar a un adolescente de 15 a\u00f1os que regresaba a su casa y como escap\u00f3 lo hirieron de un balazo por la espalda.<\/em><\/p>\n<p>Un joven de 15 a\u00f1os result\u00f3 baleado por la espalda por un grupo de delincuentes que rob\u00f3 dentro de un colectivo en la localidad bonaerense de Ingeniero Budge, partido de Lomas de Zamora.<\/p>\n<p>El hecho comenz\u00f3 por la madrugada en la esquina de las calles Barcelona y Andr\u00e9s Bello, donde los delincuentes subieron a un colectivo de la l\u00ednea 541.<\/p>\n<p>Luego de despojar de sus pertenencias al chofer y a los pasajeros salieron corriendo, tras lo cual quisieron asaltar a un adolescente de 15 a\u00f1os que regresaba a su casa y como escap\u00f3 lo hirieron de un balazo por la espalda.<\/p>\n<p>La v\u00edctima, que fue trasladada al Hospital Gandulfo, permanece estable.<\/p>\n","protected":false},"excerpt":{"rendered":"<p>\u00a0 Luego de despojar de sus pertenencias al chofer y a los pasajeros salieron corriendo, tras lo cual quisieron asaltar a un adolescente de 15 a\u00f1os que regresaba a su casa y como escap\u00f3 lo hirieron de un balazo por la espalda. Un joven de 15 a\u00f1os result\u00f3 baleado por la espalda por un grupo&hellip;<\/p>\n","protected":false},"author":1,"featured_media":0,"comment_status":"open","ping_status":"open","sticky":false,"template":"","format":"standard","meta":{"footnotes":""},"categories":[22],"tags":[],"class_list":["post-65674","post","type-post","status-publish","format-standard","hentry","category-policiales"],"_links":{"self":[{"href":"https:\/\/www.elsindical.com.ar\/notas\/wp-json\/wp\/v2\/posts\/65674","targetHints":{"allow":["GET"]}}],"collection":[{"href":"https:\/\/www.elsindical.com.ar\/notas\/wp-json\/wp\/v2\/posts"}],"about":[{"href":"https:\/\/www.elsindical.com.ar\/notas\/wp-json\/wp\/v2\/types\/post"}],"author":[{"embeddable":true,"href":"https:\/\/www.elsindical.com.ar\/notas\/wp-json\/wp\/v2\/users\/1"}],"replies":[{"embeddable":true,"href":"https:\/\/www.elsindical.com.ar\/notas\/wp-json\/wp\/v2\/comments?post=65674"}],"version-history":[{"count":1,"href":"https:\/\/www.elsindical.com.ar\/notas\/wp-json\/wp\/v2\/posts\/65674\/revisions"}],"predecessor-version":[{"id":65676,"href":"https:\/\/www.elsindical.com.ar\/notas\/wp-json\/wp\/v2\/posts\/65674\/revisions\/65676"}],"wp:attachment":[{"href":"https:\/\/www.elsindical.com.ar\/notas\/wp-json\/wp\/v2\/media?parent=65674"}],"wp:term":[{"taxonomy":"category","embeddable":true,"href":"https:\/\/www.elsindical.com.ar\/notas\/wp-json\/wp\/v2\/categories?post=65674"},{"taxonomy":"post_tag","embeddable":true,"href":"https:\/\/www.elsindical.com.ar\/notas\/wp-json\/wp\/v2\/tags?post=65674"}],"curies":[{"name":"wp","href":"https:\/\/api.w.org\/{rel}","templated":true}]}}