{"id":65525,"date":"2017-02-14T21:44:02","date_gmt":"2017-02-15T00:44:02","guid":{"rendered":"http:\/\/www.elsindical.com.ar\/notas\/?p=65525"},"modified":"2017-02-14T21:44:02","modified_gmt":"2017-02-15T00:44:02","slug":"avellaneda-sigue-la-joda-en-la-subsecretaria-de-seguridad","status":"publish","type":"post","link":"https:\/\/www.elsindical.com.ar\/notas\/avellaneda-sigue-la-joda-en-la-subsecretaria-de-seguridad\/","title":{"rendered":"Avellaneda: Sigue la joda en la subsecretar\u00eda de seguridad"},"content":{"rendered":"<p><a href=\"http:\/\/www.elsindical.com.ar\/notas\/var\/www\/html\/notas\/wp-content\/uploads\/2017\/02\/camioneta-subsecretaria-02.jpg\"><img loading=\"lazy\" decoding=\"async\" class=\"alignnone size-medium wp-image-65526\" src=\"http:\/\/www.elsindical.com.ar\/notas\/var\/www\/html\/notas\/wp-content\/uploads\/2017\/02\/camioneta-subsecretaria-02-300x180.jpg\" alt=\"\" width=\"300\" height=\"180\" srcset=\"https:\/\/www.elsindical.com.ar\/notas\/var\/www\/html\/notas\/wp-content\/uploads\/2017\/02\/camioneta-subsecretaria-02-300x180.jpg 300w, https:\/\/www.elsindical.com.ar\/notas\/var\/www\/html\/notas\/wp-content\/uploads\/2017\/02\/camioneta-subsecretaria-02-500x300.jpg 500w, https:\/\/www.elsindical.com.ar\/notas\/var\/www\/html\/notas\/wp-content\/uploads\/2017\/02\/camioneta-subsecretaria-02.jpg 738w\" sizes=\"auto, (max-width: 300px) 100vw, 300px\" \/><\/a> Cuando los responsables de una dependencia oficial, en este caso la subsecretar\u00eda de seguridad del municipio de Avellaneda, permiten que sus empleados hagan lo que se les canta y como a ellos se les canta, es poco lo que se puede esperar de esta gente, m\u00e1s a\u00fan cuando sus malas acciones toman estado p\u00fablico, <a href=\"http:\/\/www.elsindical.com.ar\/notas\/si-los-empleados-de-la-subsecretaria-de-seguridad-no-cumplen-la-ley-estamos-mal\/\">ya hab\u00edamos advertido en una nota anterior el mal estacionamiento de la camioneta de la subsecretar\u00eda.<\/a><\/p>\n<p>Ahora volv\u00edmos a encontrar la misma camioneta EcoSport blanca patente JRI 482 en una clara infracci\u00f3n, pero adem\u00e1s, estacionada de una forma que demuestra impunidad y desint\u00e9res, estos son los malos ejemplos que no deber\u00edan repetirse, pero parece que cada uno hace lo que quiere.<\/p>\n<p><a href=\"http:\/\/www.elsindical.com.ar\/notas\/var\/www\/html\/notas\/wp-content\/uploads\/2017\/02\/camioneta-subsecretaria-01.jpg\"><img loading=\"lazy\" decoding=\"async\" class=\"alignnone size-medium wp-image-65527\" src=\"http:\/\/www.elsindical.com.ar\/notas\/var\/www\/html\/notas\/wp-content\/uploads\/2017\/02\/camioneta-subsecretaria-01-300x208.jpg\" alt=\"\" width=\"300\" height=\"208\" srcset=\"https:\/\/www.elsindical.com.ar\/notas\/var\/www\/html\/notas\/wp-content\/uploads\/2017\/02\/camioneta-subsecretaria-01-300x208.jpg 300w, https:\/\/www.elsindical.com.ar\/notas\/var\/www\/html\/notas\/wp-content\/uploads\/2017\/02\/camioneta-subsecretaria-01-432x300.jpg 432w, https:\/\/www.elsindical.com.ar\/notas\/var\/www\/html\/notas\/wp-content\/uploads\/2017\/02\/camioneta-subsecretaria-01.jpg 738w\" sizes=\"auto, (max-width: 300px) 100vw, 300px\" \/><\/a><\/p>\n","protected":false},"excerpt":{"rendered":"<p>Cuando los responsables de una dependencia oficial, en este caso la subsecretar\u00eda de seguridad del municipio de Avellaneda, permiten que sus empleados hagan lo que se les canta y como a ellos se les canta, es poco lo que se puede esperar de esta gente, m\u00e1s a\u00fan cuando sus malas acciones toman estado p\u00fablico, ya&hellip;<\/p>\n","protected":false},"author":1,"featured_media":0,"comment_status":"open","ping_status":"open","sticky":false,"template":"","format":"standard","meta":{"footnotes":""},"categories":[6],"tags":[461,25280,25281,19364],"class_list":["post-65525","post","type-post","status-publish","format-standard","hentry","category-denuncias","tag-avellaneda","tag-infraccion-de-transito","tag-irresponsable","tag-subsecretaria-de-seguridad"],"_links":{"self":[{"href":"https:\/\/www.elsindical.com.ar\/notas\/wp-json\/wp\/v2\/posts\/65525","targetHints":{"allow":["GET"]}}],"collection":[{"href":"https:\/\/www.elsindical.com.ar\/notas\/wp-json\/wp\/v2\/posts"}],"about":[{"href":"https:\/\/www.elsindical.com.ar\/notas\/wp-json\/wp\/v2\/types\/post"}],"author":[{"embeddable":true,"href":"https:\/\/www.elsindical.com.ar\/notas\/wp-json\/wp\/v2\/users\/1"}],"replies":[{"embeddable":true,"href":"https:\/\/www.elsindical.com.ar\/notas\/wp-json\/wp\/v2\/comments?post=65525"}],"version-history":[{"count":1,"href":"https:\/\/www.elsindical.com.ar\/notas\/wp-json\/wp\/v2\/posts\/65525\/revisions"}],"predecessor-version":[{"id":65528,"href":"https:\/\/www.elsindical.com.ar\/notas\/wp-json\/wp\/v2\/posts\/65525\/revisions\/65528"}],"wp:attachment":[{"href":"https:\/\/www.elsindical.com.ar\/notas\/wp-json\/wp\/v2\/media?parent=65525"}],"wp:term":[{"taxonomy":"category","embeddable":true,"href":"https:\/\/www.elsindical.com.ar\/notas\/wp-json\/wp\/v2\/categories?post=65525"},{"taxonomy":"post_tag","embeddable":true,"href":"https:\/\/www.elsindical.com.ar\/notas\/wp-json\/wp\/v2\/tags?post=65525"}],"curies":[{"name":"wp","href":"https:\/\/api.w.org\/{rel}","templated":true}]}}