{"id":65515,"date":"2017-02-14T16:26:46","date_gmt":"2017-02-14T19:26:46","guid":{"rendered":"http:\/\/www.elsindical.com.ar\/notas\/?p=65515"},"modified":"2017-02-14T16:26:46","modified_gmt":"2017-02-14T19:26:46","slug":"docentes-sellan-la-unidad-y-presionan-a-vidal-por-aumentos-del-35","status":"publish","type":"post","link":"https:\/\/www.elsindical.com.ar\/notas\/docentes-sellan-la-unidad-y-presionan-a-vidal-por-aumentos-del-35\/","title":{"rendered":"Docentes sellan la unidad y presionan a Vidal por aumentos del 35%"},"content":{"rendered":"<p><em>\u00a0\u00a0<a href=\"http:\/\/www.elsindical.com.ar\/notas\/var\/www\/html\/notas\/wp-content\/uploads\/2017\/02\/gremios-educaci\u00f3n.jpg\"><img loading=\"lazy\" decoding=\"async\" class=\"alignnone size-medium wp-image-65516\" src=\"http:\/\/www.elsindical.com.ar\/notas\/var\/www\/html\/notas\/wp-content\/uploads\/2017\/02\/gremios-educaci\u00f3n-300x176.jpg\" alt=\"\" width=\"300\" height=\"176\" srcset=\"https:\/\/www.elsindical.com.ar\/notas\/var\/www\/html\/notas\/wp-content\/uploads\/2017\/02\/gremios-educaci\u00f3n-300x176.jpg 300w, https:\/\/www.elsindical.com.ar\/notas\/var\/www\/html\/notas\/wp-content\/uploads\/2017\/02\/gremios-educaci\u00f3n-500x293.jpg 500w, https:\/\/www.elsindical.com.ar\/notas\/var\/www\/html\/notas\/wp-content\/uploads\/2017\/02\/gremios-educaci\u00f3n.jpg 690w\" sizes=\"auto, (max-width: 300px) 100vw, 300px\" \/><\/a> Los seis gremios bonaerenses ratificaron su rechazo a la oferta del 18% y demostraron predisposici\u00f3n al di\u00e1logo. Reclaman nueva convocatoria.<\/em><\/p>\n<p>Los docentes bonaerenses dieron un paso in\u00e9dito en la Provincia. Luego de a\u00f1os de cruces y cr\u00edticas, los seis gremios del sector sellaron la unidad y ahora ir\u00e1n en bloque a luchar por mejoras salariales con el gobierno de Mar\u00eda Eugen\u00eda Vidal.<\/p>\n<p>La unificaci\u00f3n del reclamo se ratific\u00f3 este lunes en La Plata durante un encuentro entre los m\u00e1ximos referentes sindicales con participaci\u00f3n de los cinco gremios del actual Frente Gremial Docente (SUTEBA, FEB, UMET, UDA y SADOP) y de la Uni\u00f3n Docentes de la provincia de Buenos Aires (Udocba).<\/p>\n<p>El nuevo frente sindical aunaron criterios bajo la consigna \u00abUnidad en las escuelas por mayor presupuesto para la Educaci\u00f3n y por ning\u00fan docente por debajo de la l\u00ednea de pobreza\u00bb. As\u00ed los docentes confirmaron que rechazar\u00e1n la oferta del 18% presentada por el Ejecutivo e ir\u00e1n por un incremento salarial del 35% para recuperar lo perdido el a\u00f1o pasado.<\/p>\n<p>En el encuentro que de termin\u00f3 la unidad estuvieron Roberto Baradel por Suteba; Mirta Petrocini de la FEB; In\u00e9s Russo de Sadop; Edith Contreras de UDA, Miguel D\u00edaz de Udocba y representantes de AMET.<\/p>\n<p>Baradel asegur\u00f3 que \u00abesto es una paritaria no una guerra y el gobierno de la provincia y la propia gobernadora (Vidal) lo plantean en esos t\u00e9rminos\u00bb. \u00abLos docentes queremos ir a una paritaria y poder discutir la mejora del salario. Es leg\u00edtimo que el gobierno lleve su n\u00famero y un posicionamiento y tambi\u00e9n es leg\u00edtimo que nosotros lo llevemos porque una negociaci\u00f3n se trata de eso\u00bb, grafic\u00f3.<\/p>\n<p>Baradel sostuvo que Vidal \u00abasegura en los canales de televisi\u00f3n que propicia el di\u00e1logo pero no nos convoca\u00bb y aclar\u00f3 que \u00abnosotros no estamos buscando el conflicto pero parece que el gobierno ha decidido buscar un conflicto con los docentes\u00bb. \u00abEstamos abiertos al di\u00e1logo, el que plantea lo de las medidas de fuerza es el gobierno que ha dicho que va a descontar los d\u00edas de paro cuando no hemos declarado ninguna medida de fuerza\u00bb, grafic\u00f3.<\/p>\n<p>En tanto, la titular de la FEB, Mirta Petrocini dijo que \u00abnosotros no fomentamos el conflicto\u00bb aunque aclar\u00f3 que \u00abno vamos a sentarnos a negociar a la baja\u00bb en relaci\u00f3n a la propuesta efectuada por el gobierno.<\/p>\n","protected":false},"excerpt":{"rendered":"<p>\u00a0\u00a0 Los seis gremios bonaerenses ratificaron su rechazo a la oferta del 18% y demostraron predisposici\u00f3n al di\u00e1logo. Reclaman nueva convocatoria. Los docentes bonaerenses dieron un paso in\u00e9dito en la Provincia. Luego de a\u00f1os de cruces y cr\u00edticas, los seis gremios del sector sellaron la unidad y ahora ir\u00e1n en bloque a luchar por mejoras&hellip;<\/p>\n","protected":false},"author":1,"featured_media":0,"comment_status":"open","ping_status":"open","sticky":false,"template":"","format":"standard","meta":{"footnotes":""},"categories":[16],"tags":[1422,7265,778,5204,2720,24847],"class_list":["post-65515","post","type-post","status-publish","format-standard","hentry","category-gremiales","tag-feb","tag-maria-eugenia-vidal","tag-sadop","tag-suteba","tag-uda","tag-umet"],"_links":{"self":[{"href":"https:\/\/www.elsindical.com.ar\/notas\/wp-json\/wp\/v2\/posts\/65515","targetHints":{"allow":["GET"]}}],"collection":[{"href":"https:\/\/www.elsindical.com.ar\/notas\/wp-json\/wp\/v2\/posts"}],"about":[{"href":"https:\/\/www.elsindical.com.ar\/notas\/wp-json\/wp\/v2\/types\/post"}],"author":[{"embeddable":true,"href":"https:\/\/www.elsindical.com.ar\/notas\/wp-json\/wp\/v2\/users\/1"}],"replies":[{"embeddable":true,"href":"https:\/\/www.elsindical.com.ar\/notas\/wp-json\/wp\/v2\/comments?post=65515"}],"version-history":[{"count":1,"href":"https:\/\/www.elsindical.com.ar\/notas\/wp-json\/wp\/v2\/posts\/65515\/revisions"}],"predecessor-version":[{"id":65517,"href":"https:\/\/www.elsindical.com.ar\/notas\/wp-json\/wp\/v2\/posts\/65515\/revisions\/65517"}],"wp:attachment":[{"href":"https:\/\/www.elsindical.com.ar\/notas\/wp-json\/wp\/v2\/media?parent=65515"}],"wp:term":[{"taxonomy":"category","embeddable":true,"href":"https:\/\/www.elsindical.com.ar\/notas\/wp-json\/wp\/v2\/categories?post=65515"},{"taxonomy":"post_tag","embeddable":true,"href":"https:\/\/www.elsindical.com.ar\/notas\/wp-json\/wp\/v2\/tags?post=65515"}],"curies":[{"name":"wp","href":"https:\/\/api.w.org\/{rel}","templated":true}]}}