{"id":65470,"date":"2017-02-13T08:36:08","date_gmt":"2017-02-13T11:36:08","guid":{"rendered":"http:\/\/www.elsindical.com.ar\/notas\/?p=65470"},"modified":"2017-02-13T08:36:08","modified_gmt":"2017-02-13T11:36:08","slug":"paro-de-24-horas-en-el-hospital-ramos-mejia-en-reclamo-de-mas-seguridad","status":"publish","type":"post","link":"https:\/\/www.elsindical.com.ar\/notas\/paro-de-24-horas-en-el-hospital-ramos-mejia-en-reclamo-de-mas-seguridad\/","title":{"rendered":"Paro de 24 horas en el Hospital Ramos Mej\u00eda en reclamo de m\u00e1s seguridad"},"content":{"rendered":"<p><em><a href=\"http:\/\/www.elsindical.com.ar\/notas\/var\/www\/html\/notas\/wp-content\/uploads\/2012\/07\/Hospital-Ramos-Mej\u00eda.jpg\"><img loading=\"lazy\" decoding=\"async\" class=\"alignnone size-medium wp-image-25108\" src=\"http:\/\/www.elsindical.com.ar\/notas\/var\/www\/html\/notas\/wp-content\/uploads\/2012\/07\/Hospital-Ramos-Mej\u00eda-300x127.jpg\" alt=\"\" width=\"300\" height=\"127\" srcset=\"https:\/\/www.elsindical.com.ar\/notas\/var\/www\/html\/notas\/wp-content\/uploads\/2012\/07\/Hospital-Ramos-Mej\u00eda-300x127.jpg 300w, https:\/\/www.elsindical.com.ar\/notas\/var\/www\/html\/notas\/wp-content\/uploads\/2012\/07\/Hospital-Ramos-Mej\u00eda.jpg 413w\" sizes=\"auto, (max-width: 300px) 100vw, 300px\" \/><\/a>\u00a0 S\u00f3lo se atiende la guardia y a los pacientes internados. La medida se tom\u00f3 luego de un ataque a enfermeros que tuvo lugar el pasado fin de semana. \u00abEsto est\u00e1 liberado\u00bb, denunci\u00f3 una de las delegadas de los trabajadores del nosocomio.<\/em><\/p>\n<p>Trabajadores del Hospital Ramos Mej\u00eda, ubicado en el barrio porte\u00f1o de Balvanera, realizaban esta ma\u00f1ana un paro de actividades por 24 horas, en reclamo de seguridad tras el ataque a golpes contra enfermeros el fin de semana.<\/p>\n<p>\u201cEstamos enfrente de una comisar\u00eda (la octava), esto est\u00e1 liberado\u201d, advirti\u00f3 la delegada Andrea Ram\u00edrez, quien a\u00f1adi\u00f3 que \u201cno es la primera vez\u201d que hay situaciones de violencia con los trabajadores de la salud y reclam\u00f3 \u201cseguridad en todos los accesos durante las 24 horas\u201d.<\/p>\n<p>Seg\u00fan informaron, el s\u00e1bado pasado enfermeros del hospital, situado en General Urquiza 609, fueron agredidos con golpes de pu\u00f1o y sufrieron amenazas con cuchillos en el Servicio de Cl\u00ednica M\u00e9dica, por lo que tuvo que intervenir la Polic\u00eda.<\/p>\n<p>Ram\u00edrez, delegada del gremio de estatales porte\u00f1os Sutecba, a\u00f1adi\u00f3 que \u201chasta la semana pasada hab\u00eda un efectivo de polic\u00eda en la entrada y lo sacaron\u201d, por lo que reclam\u00f3 que \u201csea repuesto y que coloquen otros en la Guardia y en todas las puertas\u201d del establecimiento.<\/p>\n<p>\u201cAdem\u00e1s, solicitamos que se identifique y controle a los familiares de los pacientes que ingresan de urgencia, tambi\u00e9n pedimos m\u00e1s profesionales para realizar el triage (m\u00e9todo por el cual se clasifica a los pacientes\u201d, sostuvo la enfermera.<\/p>\n<p>La medida de fuerza comenz\u00f3 a la cero hora de hoy y solo se atend\u00edan urgencias y a los pacientes internados.<\/p>\n","protected":false},"excerpt":{"rendered":"<p>\u00a0 S\u00f3lo se atiende la guardia y a los pacientes internados. La medida se tom\u00f3 luego de un ataque a enfermeros que tuvo lugar el pasado fin de semana. \u00abEsto est\u00e1 liberado\u00bb, denunci\u00f3 una de las delegadas de los trabajadores del nosocomio. Trabajadores del Hospital Ramos Mej\u00eda, ubicado en el barrio porte\u00f1o de Balvanera, realizaban&hellip;<\/p>\n","protected":false},"author":1,"featured_media":0,"comment_status":"open","ping_status":"open","sticky":false,"template":"","format":"standard","meta":{"footnotes":""},"categories":[16],"tags":[1117,6047,67,613],"class_list":["post-65470","post","type-post","status-publish","format-standard","hentry","category-gremiales","tag-agresiones","tag-hospital-ramos-mejia","tag-paro","tag-seguridad"],"_links":{"self":[{"href":"https:\/\/www.elsindical.com.ar\/notas\/wp-json\/wp\/v2\/posts\/65470","targetHints":{"allow":["GET"]}}],"collection":[{"href":"https:\/\/www.elsindical.com.ar\/notas\/wp-json\/wp\/v2\/posts"}],"about":[{"href":"https:\/\/www.elsindical.com.ar\/notas\/wp-json\/wp\/v2\/types\/post"}],"author":[{"embeddable":true,"href":"https:\/\/www.elsindical.com.ar\/notas\/wp-json\/wp\/v2\/users\/1"}],"replies":[{"embeddable":true,"href":"https:\/\/www.elsindical.com.ar\/notas\/wp-json\/wp\/v2\/comments?post=65470"}],"version-history":[{"count":1,"href":"https:\/\/www.elsindical.com.ar\/notas\/wp-json\/wp\/v2\/posts\/65470\/revisions"}],"predecessor-version":[{"id":65471,"href":"https:\/\/www.elsindical.com.ar\/notas\/wp-json\/wp\/v2\/posts\/65470\/revisions\/65471"}],"wp:attachment":[{"href":"https:\/\/www.elsindical.com.ar\/notas\/wp-json\/wp\/v2\/media?parent=65470"}],"wp:term":[{"taxonomy":"category","embeddable":true,"href":"https:\/\/www.elsindical.com.ar\/notas\/wp-json\/wp\/v2\/categories?post=65470"},{"taxonomy":"post_tag","embeddable":true,"href":"https:\/\/www.elsindical.com.ar\/notas\/wp-json\/wp\/v2\/tags?post=65470"}],"curies":[{"name":"wp","href":"https:\/\/api.w.org\/{rel}","templated":true}]}}