{"id":65341,"date":"2017-02-09T19:00:31","date_gmt":"2017-02-09T22:00:31","guid":{"rendered":"http:\/\/www.elsindical.com.ar\/notas\/?p=65341"},"modified":"2017-02-09T19:00:31","modified_gmt":"2017-02-09T22:00:31","slug":"conflicto-en-una-de-las-mayores-fabricas-de-plasticos-del-pais","status":"publish","type":"post","link":"https:\/\/www.elsindical.com.ar\/notas\/conflicto-en-una-de-las-mayores-fabricas-de-plasticos-del-pais\/","title":{"rendered":"Conflicto en una de las mayores f\u00e1bricas de pl\u00e1sticos del pa\u00eds"},"content":{"rendered":"<p><em><a href=\"http:\/\/www.elsindical.com.ar\/notas\/var\/www\/html\/notas\/wp-content\/uploads\/2017\/02\/reclamos-en-Mascardi.jpg\"><img loading=\"lazy\" decoding=\"async\" class=\"alignnone size-medium wp-image-65342\" src=\"http:\/\/www.elsindical.com.ar\/notas\/var\/www\/html\/notas\/wp-content\/uploads\/2017\/02\/reclamos-en-Mascardi-300x186.jpg\" alt=\"\" width=\"300\" height=\"186\" srcset=\"https:\/\/www.elsindical.com.ar\/notas\/var\/www\/html\/notas\/wp-content\/uploads\/2017\/02\/reclamos-en-Mascardi-300x186.jpg 300w, https:\/\/www.elsindical.com.ar\/notas\/var\/www\/html\/notas\/wp-content\/uploads\/2017\/02\/reclamos-en-Mascardi-483x300.jpg 483w, https:\/\/www.elsindical.com.ar\/notas\/var\/www\/html\/notas\/wp-content\/uploads\/2017\/02\/reclamos-en-Mascardi.jpg 751w\" sizes=\"auto, (max-width: 300px) 100vw, 300px\" \/><\/a>\u00a0 La empresa confirm\u00f3 los despidos y los trabajadores decidieron tomar las instalaciones en defensa de sus fuentes laborales.<\/em><\/p>\n<p>La f\u00e1brica de la firma Mascardi, importante f\u00e1brica de productos pl\u00e1sticos del pa\u00eds, ha sido tomada en la localidad bonaerense de Carlos Spegazzini, por el despido de 43 de sus 130 trabajadores; conflicto iniciado en los \u00faltimos d\u00edas de 2016, cuando la compa\u00f1\u00eda decidi\u00f3 prescindir de los servicios de 40 de sus operarios.<\/p>\n<p>La medida llev\u00f3 a un pedido de audiencia al ministerio de Trabajo provincial, quel dict\u00f3 una conciliaci\u00f3n obligatoria vencida a fines de enero.<\/p>\n<p>Vencido el plazo, la empresa \u00abno s\u00f3lo ratific\u00f3 los despidos, sino que envi\u00f3 tres telegramas m\u00e1s\u00bb, dijo Emanuel Kommers, uno de los delegados gremiales.<\/p>\n<p>\u00abPor eso votamos un paro con permanencia dentro de la f\u00e1brica\u00bb, coment\u00f3.<\/p>\n<p>El fundador y due\u00f1o de Mascardi, Roberto Reidy, confirm\u00f3 los despidos y los justific\u00f3 ya que \u00abson gente del Polo Obrero (sic), donde hay una persona trabajando quieren que haya cuatro, y con tan baja productividad, no me dan los costos\u00bb.<\/p>\n<p>\u00abTuve que desembolsar como siete millones de pesos y pedir un cr\u00e9dito para pagar las indemnizaciones, yo cumpl\u00ed con mi parte. Pero esta gente quiere que me funda para hacer ellos una cooperativa\u00bb, aclar\u00f3.<\/p>\n<p>\u00abMi intenci\u00f3n es continuar produciendo, pero para eso me tengo que achicar\u00bb.<\/p>\n<p>Por el lado de los trabajadores, el pedido era de \u00abreincorporaci\u00f3n de los despedidos y cese de la persecuci\u00f3n gremial\u00bb.<\/p>\n","protected":false},"excerpt":{"rendered":"<p>\u00a0 La empresa confirm\u00f3 los despidos y los trabajadores decidieron tomar las instalaciones en defensa de sus fuentes laborales. La f\u00e1brica de la firma Mascardi, importante f\u00e1brica de productos pl\u00e1sticos del pa\u00eds, ha sido tomada en la localidad bonaerense de Carlos Spegazzini, por el despido de 43 de sus 130 trabajadores; conflicto iniciado en los&hellip;<\/p>\n","protected":false},"author":1,"featured_media":0,"comment_status":"open","ping_status":"open","sticky":false,"template":"","format":"standard","meta":{"footnotes":""},"categories":[16],"tags":[436,53,13555,6366,125],"class_list":["post-65341","post","type-post","status-publish","format-standard","hentry","category-gremiales","tag-conflicto","tag-despidos","tag-mascardi","tag-telegramas","tag-trabajadores"],"_links":{"self":[{"href":"https:\/\/www.elsindical.com.ar\/notas\/wp-json\/wp\/v2\/posts\/65341","targetHints":{"allow":["GET"]}}],"collection":[{"href":"https:\/\/www.elsindical.com.ar\/notas\/wp-json\/wp\/v2\/posts"}],"about":[{"href":"https:\/\/www.elsindical.com.ar\/notas\/wp-json\/wp\/v2\/types\/post"}],"author":[{"embeddable":true,"href":"https:\/\/www.elsindical.com.ar\/notas\/wp-json\/wp\/v2\/users\/1"}],"replies":[{"embeddable":true,"href":"https:\/\/www.elsindical.com.ar\/notas\/wp-json\/wp\/v2\/comments?post=65341"}],"version-history":[{"count":1,"href":"https:\/\/www.elsindical.com.ar\/notas\/wp-json\/wp\/v2\/posts\/65341\/revisions"}],"predecessor-version":[{"id":65343,"href":"https:\/\/www.elsindical.com.ar\/notas\/wp-json\/wp\/v2\/posts\/65341\/revisions\/65343"}],"wp:attachment":[{"href":"https:\/\/www.elsindical.com.ar\/notas\/wp-json\/wp\/v2\/media?parent=65341"}],"wp:term":[{"taxonomy":"category","embeddable":true,"href":"https:\/\/www.elsindical.com.ar\/notas\/wp-json\/wp\/v2\/categories?post=65341"},{"taxonomy":"post_tag","embeddable":true,"href":"https:\/\/www.elsindical.com.ar\/notas\/wp-json\/wp\/v2\/tags?post=65341"}],"curies":[{"name":"wp","href":"https:\/\/api.w.org\/{rel}","templated":true}]}}