{"id":65314,"date":"2017-02-08T14:43:56","date_gmt":"2017-02-08T17:43:56","guid":{"rendered":"http:\/\/www.elsindical.com.ar\/notas\/?p=65314"},"modified":"2017-02-08T14:43:56","modified_gmt":"2017-02-08T17:43:56","slug":"bronca-por-auto-del-gobierno-de-la-ciudad-recontra-infractor","status":"publish","type":"post","link":"https:\/\/www.elsindical.com.ar\/notas\/bronca-por-auto-del-gobierno-de-la-ciudad-recontra-infractor\/","title":{"rendered":"Bronca por auto del Gobierno de la Ciudad recontra infractor"},"content":{"rendered":"<p><em><a href=\"http:\/\/www.elsindical.com.ar\/notas\/var\/www\/html\/notas\/wp-content\/uploads\/2017\/02\/Megane-infractor-GCBA.jpg\"><img loading=\"lazy\" decoding=\"async\" class=\"alignnone size-medium wp-image-65315\" src=\"http:\/\/www.elsindical.com.ar\/notas\/var\/www\/html\/notas\/wp-content\/uploads\/2017\/02\/Megane-infractor-GCBA-300x158.jpg\" alt=\"\" width=\"300\" height=\"158\" srcset=\"https:\/\/www.elsindical.com.ar\/notas\/var\/www\/html\/notas\/wp-content\/uploads\/2017\/02\/Megane-infractor-GCBA-300x158.jpg 300w, https:\/\/www.elsindical.com.ar\/notas\/var\/www\/html\/notas\/wp-content\/uploads\/2017\/02\/Megane-infractor-GCBA-500x263.jpg 500w, https:\/\/www.elsindical.com.ar\/notas\/var\/www\/html\/notas\/wp-content\/uploads\/2017\/02\/Megane-infractor-GCBA.jpg 680w\" sizes=\"auto, (max-width: 300px) 100vw, 300px\" \/><\/a>\u00a0 En el barrio porte\u00f1o de Boedo, un veh\u00edculo de la Secretar\u00eda de Direcci\u00f3n de Mantenimiento del Espacio P\u00fablico Comunal bloque\u00f3 una rampa para personas con movilidad reducida, obstaculiz\u00f3 la visi\u00f3n de la ochava e impidi\u00f3 el paso por la ciclov\u00eda. Todo por un lapso de dos horas. \u00abCuando le fui a decir ni me contest\u00f3, se r\u00edo\u00bb, cont\u00f3 un vecino que tiene un hijo discapacitado.<\/em><\/p>\n<p>Deber\u00eda dar el ejemplo, pero su actitud dista bastante de ser imitable.<\/p>\n<p>El domingo por la noche, en el barrio porte\u00f1o de Boedo, un auto del Gobierno de la Ciudad tap\u00f3 el acceso a una rampa para discapacitados, trab\u00f3 la ciclov\u00eda y obstaculiz\u00f3 la visi\u00f3n en la ochava. Completita la hizo. Y, adem\u00e1s, no fue solo por unos minutos (lo que no avalar\u00eda la mala acci\u00f3n aunque al menos la podr\u00eda atenuar), sino que se qued\u00f3 m\u00e1s de dos horas. Estaba viendo el partido de b\u00e1squet de San Lorenzo.<\/p>\n<p>El hecho ocurri\u00f3 en la intersecci\u00f3n de Salcedo y 33 Orientales. Para colmo, afect\u00f3 a una familia que tiene un chico discapacitado y vive en esa cuadra.<\/p>\n<p>El padre del nene, para su sorpresa, vio que el conductor del auto Renault Megane patente HQM 665 ten\u00eda un cartel pegado en el parabrisas que dec\u00eda que pertenec\u00eda a la Secretar\u00eda de Direcci\u00f3n de Mantenimiento del Espacio P\u00fablico Comunal. Cuando lleg\u00f3 el conductor le reclam\u00f3 por su despreciable acci\u00f3n, de un ego\u00edsmo y desinter\u00e9s total, pero fue para peor, ya que encontr\u00f3 sorna del otro lado.<\/p>\n<p>El hombre cont\u00f3 los detalles del caso: \u201cCuando lo veo al conductor, sal\u00ed de mi casa y le dije que deber\u00eda dar el ejemplo, que como puede dejar el auto ah\u00ed para que despu\u00e9s los vecinos tampoco lo hagamos, no me dijo nada y se r\u00edo. Incluso se enoj\u00f3. Ah\u00ed sali\u00f3 mi mujer y me pidi\u00f3 que me meta para dentro, que no ten\u00eda sentido decirle m\u00e1s nada a alguien que ni siquiera pidi\u00f3 disculpas por lo hecho\u201d.<\/p>\n<p>El hombre, que prefiri\u00f3 mantener el anonimato por la situaci\u00f3n de desigualdad que implica denunciar a un hombre del Gobierno de la Ciudad, asegur\u00f3 que \u201cvino con varios m\u00e1s, ven\u00edan de ver el partido, no consigui\u00f3 lugar y lo dej\u00f3 en cualquier lado\u201d.<\/p>\n<p>Cabe destacar que el hombre cometi\u00f3 tres infracciones en una sola acci\u00f3n, todas importantes ya que ocasiona trastornos en quienes transportan silla de ruedas o cochecitos de beb\u00e9, aquellos que intentan cruzar y encuentran la visi\u00f3n obstaculizada y quienes andan en bicicleta.<\/p>\n<p>Con total impunidad, el empleado del Gobierno de la Ciudad eligi\u00f3 chapear en un lugar equivocado y termin\u00f3 meando fuera del tarro. Una actitud deplorable. Pero, principalmente, algo que no puede volver a ocurrir.<\/p>\n<p>&nbsp;<\/p>\n<p><strong>Fuente: Cr\u00f3nica<\/strong><\/p>\n","protected":false},"excerpt":{"rendered":"<p>\u00a0 En el barrio porte\u00f1o de Boedo, un veh\u00edculo de la Secretar\u00eda de Direcci\u00f3n de Mantenimiento del Espacio P\u00fablico Comunal bloque\u00f3 una rampa para personas con movilidad reducida, obstaculiz\u00f3 la visi\u00f3n de la ochava e impidi\u00f3 el paso por la ciclov\u00eda. Todo por un lapso de dos horas. \u00abCuando le fui a decir ni me&hellip;<\/p>\n","protected":false},"author":1,"featured_media":0,"comment_status":"open","ping_status":"open","sticky":false,"template":"","format":"standard","meta":{"footnotes":""},"categories":[6],"tags":[175,9638,2104,2057,25233],"class_list":["post-65314","post","type-post","status-publish","format-standard","hentry","category-denuncias","tag-denuncia","tag-funcionario","tag-gcba","tag-infraccion","tag-rampa-discapacitado"],"_links":{"self":[{"href":"https:\/\/www.elsindical.com.ar\/notas\/wp-json\/wp\/v2\/posts\/65314","targetHints":{"allow":["GET"]}}],"collection":[{"href":"https:\/\/www.elsindical.com.ar\/notas\/wp-json\/wp\/v2\/posts"}],"about":[{"href":"https:\/\/www.elsindical.com.ar\/notas\/wp-json\/wp\/v2\/types\/post"}],"author":[{"embeddable":true,"href":"https:\/\/www.elsindical.com.ar\/notas\/wp-json\/wp\/v2\/users\/1"}],"replies":[{"embeddable":true,"href":"https:\/\/www.elsindical.com.ar\/notas\/wp-json\/wp\/v2\/comments?post=65314"}],"version-history":[{"count":1,"href":"https:\/\/www.elsindical.com.ar\/notas\/wp-json\/wp\/v2\/posts\/65314\/revisions"}],"predecessor-version":[{"id":65316,"href":"https:\/\/www.elsindical.com.ar\/notas\/wp-json\/wp\/v2\/posts\/65314\/revisions\/65316"}],"wp:attachment":[{"href":"https:\/\/www.elsindical.com.ar\/notas\/wp-json\/wp\/v2\/media?parent=65314"}],"wp:term":[{"taxonomy":"category","embeddable":true,"href":"https:\/\/www.elsindical.com.ar\/notas\/wp-json\/wp\/v2\/categories?post=65314"},{"taxonomy":"post_tag","embeddable":true,"href":"https:\/\/www.elsindical.com.ar\/notas\/wp-json\/wp\/v2\/tags?post=65314"}],"curies":[{"name":"wp","href":"https:\/\/api.w.org\/{rel}","templated":true}]}}