{"id":65309,"date":"2017-02-08T09:52:39","date_gmt":"2017-02-08T12:52:39","guid":{"rendered":"http:\/\/www.elsindical.com.ar\/notas\/?p=65309"},"modified":"2017-02-08T09:52:39","modified_gmt":"2017-02-08T12:52:39","slug":"mauricio-macri-desobedece-a-la-justicia-y-ordena-no-pagar-a-los-bancarios-medidas-de-fuerza","status":"publish","type":"post","link":"https:\/\/www.elsindical.com.ar\/notas\/mauricio-macri-desobedece-a-la-justicia-y-ordena-no-pagar-a-los-bancarios-medidas-de-fuerza\/","title":{"rendered":"Mauricio Macri, desobedece a la justicia y ordena no pagar a los bancarios, medidas de fuerza"},"content":{"rendered":"<p><em>\u00a0 <a href=\"http:\/\/www.elsindical.com.ar\/notas\/var\/www\/html\/notas\/wp-content\/uploads\/2016\/12\/Macri-conferencia-de-prensa.jpg\"><img loading=\"lazy\" decoding=\"async\" class=\"alignnone size-medium wp-image-64351\" src=\"http:\/\/www.elsindical.com.ar\/notas\/var\/www\/html\/notas\/wp-content\/uploads\/2016\/12\/Macri-conferencia-de-prensa-300x172.jpg\" alt=\"\" width=\"300\" height=\"172\" srcset=\"https:\/\/www.elsindical.com.ar\/notas\/var\/www\/html\/notas\/wp-content\/uploads\/2016\/12\/Macri-conferencia-de-prensa-300x172.jpg 300w, https:\/\/www.elsindical.com.ar\/notas\/var\/www\/html\/notas\/wp-content\/uploads\/2016\/12\/Macri-conferencia-de-prensa-768x440.jpg 768w, https:\/\/www.elsindical.com.ar\/notas\/var\/www\/html\/notas\/wp-content\/uploads\/2016\/12\/Macri-conferencia-de-prensa-500x287.jpg 500w, https:\/\/www.elsindical.com.ar\/notas\/var\/www\/html\/notas\/wp-content\/uploads\/2016\/12\/Macri-conferencia-de-prensa.jpg 844w\" sizes=\"auto, (max-width: 300px) 100vw, 300px\" \/><\/a>El Presidente le orden\u00f3 a los bancos p\u00fablicos no abonar el aumento salarial pactado entre La Bancaria y las c\u00e1maras del sector y acoplarse a una estrategia legal conjunta, que incluye al sector privado, para apelar el fallo judicial que orden\u00f3 hacer efectivo ese ajuste.<\/em><\/p>\n<p>La administraci\u00f3n de Macri les orden\u00f3 a los bancos p\u00fablicos no pagar el aumento salarial pactado a fin de a\u00f1o por la Asociaci\u00f3n Bancaria con parte de las entidades del sector y acoplarse a una estrategia legal conjunta, que incluye al sector privado, para apelar el fallo judicial que orden\u00f3 hacer efectivo ese ajuste.<\/p>\n<p>La planificaci\u00f3n qued\u00f3 definida este lunes al mediod\u00eda en un encuentro en la Casa Rosada entre el ministro de Trabajo, Jorge Triaca, y el vicejefe de Gabinete Mario Quintana, con directivos de los bancos agrupados en la c\u00e1mara Abappra y del Banco Central, que encabeza Federico Sturzenegger.<\/p>\n<p>Mientras tanto, desde la Asociaci\u00f3n Bancaria adelantaron que la respuesta se traducir\u00e1 en asambleas este jueves y viernes, con suspensi\u00f3n en la atenci\u00f3n al p\u00fablico en todas las entidades del pa\u00eds.<\/p>\n<p>Para la administraci\u00f3n de Mauricio Macri el conflicto en el sector bancario pas\u00f3 a ser de primer orden por tratarse de uno de los pocos gremios que debe resolver su paritaria -al menos, como se plante\u00f3 a fin de a\u00f1o, con un acuerdo transitorio hasta marzo- en pleno verano e incluso antes que los docentes, lo que convierte esa negociaci\u00f3n en un posible faro para el resto de los gremios de la actividad privada.<\/p>\n<p>De cumplirse el acuerdo de diciembre, La Bancaria arrancar\u00eda el a\u00f1o con una suba de 24% s\u00f3lo por tres meses, cuando desde el Ejecutivo alientan una pauta salarial para todo 2017 de 18 por ciento, en espejo con la definida con los estatales bonaerenses. Adem\u00e1s de la instrucci\u00f3n de no pagar esa suba, que deber\u00eda efectivizarse esta semana, en la reuni\u00f3n qued\u00f3 definida la estrategia judicial conjunta que adoptar\u00e1n la cartera laboral y los bancos: hoy mismo, en forma separada, se presentar\u00e1n sendas apelaciones al fallo de la Sala de feria de la C\u00e1mara del Trabajo que orden\u00f3, d\u00edas atr\u00e1s, liquidar los sueldos de enero de los empleados bancarios con los incrementos pactados en diciembre.<\/p>\n<p>Aquella resoluci\u00f3n hab\u00eda hecho lugar a una medida cautelar presentada por el gremio, que lidera Sergio Palazzo, frente a la decisi\u00f3n de la cartera laboral de dar marcha atr\u00e1s con la homologaci\u00f3n del entendimiento de fin de a\u00f1o.<br \/>\nEn Trabajo, adem\u00e1s, dijeron que el abordaje legal se har\u00e1 extensivo a los bancos privados agrupados en Adeba (de capital nacional) y ABA (de origen extranjero), as\u00ed como la banca especializada, reunida en ABE. La firma inicial de diciembre se hab\u00eda concretado entre el gremio y las c\u00e1maras Adeba y Abappra, que re\u00fanen la gran mayor\u00eda de entidades del pa\u00eds.<\/p>\n<p>La falta de acuerdo con ABA y ABE, en aquella oportunidad, fue el argumento del Gobierno para no homologar la suba definida con las otras entidades y plantear que la negociaci\u00f3n deb\u00eda volver a cero. La preocupaci\u00f3n oficial, sin embargo, era que el n\u00famero resuelto terminara por disparar el resto de las paritarias muy por encima de las expectativas oficiales para este a\u00f1o.<\/p>\n<p>Cerca de Triaca anoche confirmaron que el prop\u00f3sito consensuado entre los banqueros y el Gobierno es doblarle el brazo al sindicato para impedir un efecto contagio en otros gremios al inicio de la ronda de paritarias.<br \/>\nLa mec\u00e1nica legal no estaba del todo resuelta, pero se especulaba con la presentaci\u00f3n de recursos en queja a la Corte Suprema por la cautelar otorgada por la C\u00e1mara laboral.<\/p>\n<p>Palazzo confirm\u00f3 que este jueves y viernes promover\u00e1 asambleas en los bancos con suspensi\u00f3n de la atenci\u00f3n al p\u00fablico para dar a conocer el estado de las negociaciones y eventualmente definir medidas de fuerza. El gremialista dijo que m\u00e1s all\u00e1 de la estrategia oficial algunas entidades comenzaron a pagar con el aumento pactado, como el Credicoop, el Bica, Bradesco y los bancos de Corrientes, Chaco y Jujuy.<\/p>\n<p>Consider\u00f3 \u201cmuy arriesgado\u201d por parte de Triaca \u201cinterferir en el cumplimiento del acuerdo\u201d a pesar de una orden judicial, as\u00ed como haber \u201cconvocado a una reuni\u00f3n con banqueros para unificar una posici\u00f3n contraria a la sentencia\u201d.<\/p>\n<p>Palazzo prometi\u00f3 estudiar una eventual demanda penal \u201cpor desobediencia e incumplimiento de deberes de funcionario p\u00fablico\u201d contra el ministro de Trabajo.<\/p>\n","protected":false},"excerpt":{"rendered":"<p>\u00a0 El Presidente le orden\u00f3 a los bancos p\u00fablicos no abonar el aumento salarial pactado entre La Bancaria y las c\u00e1maras del sector y acoplarse a una estrategia legal conjunta, que incluye al sector privado, para apelar el fallo judicial que orden\u00f3 hacer efectivo ese ajuste. La administraci\u00f3n de Macri les orden\u00f3 a los bancos&hellip;<\/p>\n","protected":false},"author":1,"featured_media":0,"comment_status":"open","ping_status":"open","sticky":false,"template":"","format":"standard","meta":{"footnotes":""},"categories":[13],"tags":[137,41,76,3025],"class_list":["post-65309","post","type-post","status-publish","format-standard","hentry","category-politica","tag-bancarios","tag-justicia","tag-mauricio-macri","tag-medidas-de-fuerza"],"_links":{"self":[{"href":"https:\/\/www.elsindical.com.ar\/notas\/wp-json\/wp\/v2\/posts\/65309","targetHints":{"allow":["GET"]}}],"collection":[{"href":"https:\/\/www.elsindical.com.ar\/notas\/wp-json\/wp\/v2\/posts"}],"about":[{"href":"https:\/\/www.elsindical.com.ar\/notas\/wp-json\/wp\/v2\/types\/post"}],"author":[{"embeddable":true,"href":"https:\/\/www.elsindical.com.ar\/notas\/wp-json\/wp\/v2\/users\/1"}],"replies":[{"embeddable":true,"href":"https:\/\/www.elsindical.com.ar\/notas\/wp-json\/wp\/v2\/comments?post=65309"}],"version-history":[{"count":1,"href":"https:\/\/www.elsindical.com.ar\/notas\/wp-json\/wp\/v2\/posts\/65309\/revisions"}],"predecessor-version":[{"id":65310,"href":"https:\/\/www.elsindical.com.ar\/notas\/wp-json\/wp\/v2\/posts\/65309\/revisions\/65310"}],"wp:attachment":[{"href":"https:\/\/www.elsindical.com.ar\/notas\/wp-json\/wp\/v2\/media?parent=65309"}],"wp:term":[{"taxonomy":"category","embeddable":true,"href":"https:\/\/www.elsindical.com.ar\/notas\/wp-json\/wp\/v2\/categories?post=65309"},{"taxonomy":"post_tag","embeddable":true,"href":"https:\/\/www.elsindical.com.ar\/notas\/wp-json\/wp\/v2\/tags?post=65309"}],"curies":[{"name":"wp","href":"https:\/\/api.w.org\/{rel}","templated":true}]}}