{"id":65281,"date":"2017-02-07T08:28:42","date_gmt":"2017-02-07T11:28:42","guid":{"rendered":"http:\/\/www.elsindical.com.ar\/notas\/?p=65281"},"modified":"2017-02-07T08:28:42","modified_gmt":"2017-02-07T11:28:42","slug":"ezeiza-denuncian-que-violador-de-adolescente-esta-en-libertad","status":"publish","type":"post","link":"https:\/\/www.elsindical.com.ar\/notas\/ezeiza-denuncian-que-violador-de-adolescente-esta-en-libertad\/","title":{"rendered":"Ezeiza: Denuncian que violador de adolescente est\u00e1 en libertad"},"content":{"rendered":"<p><em>\u00a0<a href=\"http:\/\/www.elsindical.com.ar\/notas\/var\/www\/html\/notas\/wp-content\/uploads\/2017\/02\/violador-de-adolescente.jpg\"><img loading=\"lazy\" decoding=\"async\" class=\"alignnone size-medium wp-image-65282\" src=\"http:\/\/www.elsindical.com.ar\/notas\/var\/www\/html\/notas\/wp-content\/uploads\/2017\/02\/violador-de-adolescente-300x158.jpg\" alt=\"\" width=\"300\" height=\"158\" srcset=\"https:\/\/www.elsindical.com.ar\/notas\/var\/www\/html\/notas\/wp-content\/uploads\/2017\/02\/violador-de-adolescente-300x158.jpg 300w, https:\/\/www.elsindical.com.ar\/notas\/var\/www\/html\/notas\/wp-content\/uploads\/2017\/02\/violador-de-adolescente-500x263.jpg 500w, https:\/\/www.elsindical.com.ar\/notas\/var\/www\/html\/notas\/wp-content\/uploads\/2017\/02\/violador-de-adolescente.jpg 680w\" sizes=\"auto, (max-width: 300px) 100vw, 300px\" \/><\/a> Milena, una chica de 15 a\u00f1os, fue empastillada por una amiga para permitir que sea abusada por un joven, que a pesar de las pruebas en su contra, a\u00fan est\u00e1 libre.<\/em><\/p>\n<p>Apenas 15 a\u00f1os tiene Milena y hoy deber\u00eda estar disfrutando del per\u00edodo de vacaciones antes del inicio de clases. Pero la adolescente lejos est\u00e1 de hacer una vida de una chica de su edad. El miedo y los recuerdos se apoderaron de esta ni\u00f1a que no puede salir de su casa ni menos de su cama. Permanece abajo de la frazada, tapada hasta la cabeza, sin sentir siquiera las altas temperaturas del verano.<\/p>\n<p>Seg\u00fan denunciaron sus familiares, Milena fue abusada sexualmente el pasado viernes 13 de enero tras haber sido enga\u00f1ada por una amiga, quien la llev\u00f3 a su casa donde fue empastillada. Los m\u00e9dicos confirmaron que existi\u00f3 la violaci\u00f3n, pero el acusado a\u00fan est\u00e1 libre y la nena est\u00e1 sin poder salir de su cama. Una paradoja incre\u00edble de comprender, pero real.<\/p>\n<p>Milena vive en el Barrio San Andr\u00e9s de Trist\u00e1n Su\u00e1rez, perteneciente al partido bonaerense de Ezeiza, junto a su familia. El jueves 12, cerca de las siete de la tarde, la amiga, identificada como Luz de acuerdo a los relatos, fue a buscar a esta joven quincea\u00f1era para que vayan para su casa y Milena finalmente accedi\u00f3 sin permiso de su madre.<\/p>\n<p>De acuerdo a lo que detall\u00f3 su hermana mayor Evangelina, \u00abesta chica le insisti\u00f3 para que vaya y se la llev\u00f3\u00bb. El primer paso de quienes habr\u00edan organizado esta pesadilla estaba dado. Al llegar a la casa de la amiga, \u00abMilena dijo que le dol\u00eda la panza y la cabeza y la mam\u00e1 de Luz le dio una pastilla\u00bb.<\/p>\n<p>A partir de ah\u00ed comenz\u00f3 lo peor para esta joven de 15 a\u00f1os que est\u00e1 bajo tratamiento psicol\u00f3gico. \u00abMi hermana cont\u00f3 lo que hicieron y apunt\u00f3 a chico que se llama Lucas, que tiene 20 a\u00f1os, vive en el barrio Sol de Oro y es amigo de Luz, y a Gabriel, que es el marido de la mam\u00e1. Dice que lo que \u00fanico que se acuerda es que alguien estaba arriba de ella y la estaban ahorcando\u00bb.<\/p>\n<p>Seg\u00fan la denuncia policial, la adolescente busc\u00f3 la forma de escapar pero no lo logr\u00f3. El efecto de la pastilla que recibi\u00f3 hizo que la nena se despertara al otro d\u00eda, \u00abcon la bombacha manchada\u00bb. Cuando regres\u00f3 a su hogar (su madre la hab\u00eda ido a buscar el d\u00eda anterior y le hab\u00edan dicho que se hab\u00eda dormido), su progenitora observ\u00f3 la situaci\u00f3n y la llev\u00f3 de inmediato a la sala sanitaria, donde le confirmaron que fue abusada.<\/p>\n<p>\u00abMi mam\u00e1 fue con Milena a la comisar\u00eda de Trist\u00e1n Su\u00e1rez a hacer la denuncia (est\u00e1 radicada en la UFI N\u00ba 2 a cargo del doctor Carlos Alberto Hassan). Despu\u00e9s al Hospital de Ezeiza, donde le dieron inyecciones, y luego a La Plata, donde se realiz\u00f3 los estudios\u00bb.<\/p>\n<p>\u00bfQu\u00e9 pas\u00f3 con los acusados? \u00abSolamente Lucas estuvo detenido pero le dieron la libertad el mismo d\u00eda por falta de m\u00e9rito\u00bb, coment\u00f3 Evangelina. Al tiempo que confirm\u00f3 que la familia de Luz, junto con el supuesto abusador, \u00abse fueron de la casa y nunca dieron la cara\u00bb.<\/p>\n<p>En tanto, la hermana mayor explic\u00f3 que \u00ablos peritos se hicieron presente reci\u00e9n una semana despu\u00e9s, y encontraron una s\u00e1bana manchada y una marca de dedos con sangre\u00bb.<\/p>\n<p>\u00abEl pibe est\u00e1 suelto y mi hermanita est\u00e1 encerrada, tapada hasta la cabeza, no sale, y cuando ve un celular se asusta porque recuerda que en ese momento la grabaron\u00bb, resumi\u00f3 Evangelina, de 23 a\u00f1os, que busca justicia para su hermanita menor.<\/p>\n","protected":false},"excerpt":{"rendered":"<p>\u00a0 Milena, una chica de 15 a\u00f1os, fue empastillada por una amiga para permitir que sea abusada por un joven, que a pesar de las pruebas en su contra, a\u00fan est\u00e1 libre. Apenas 15 a\u00f1os tiene Milena y hoy deber\u00eda estar disfrutando del per\u00edodo de vacaciones antes del inicio de clases. Pero la adolescente lejos&hellip;<\/p>\n","protected":false},"author":1,"featured_media":0,"comment_status":"open","ping_status":"open","sticky":false,"template":"","format":"standard","meta":{"footnotes":""},"categories":[6],"tags":[661,25228,10153],"class_list":["post-65281","post","type-post","status-publish","format-standard","hentry","category-denuncias","tag-ezeiza","tag-milena","tag-tristan-suarez"],"_links":{"self":[{"href":"https:\/\/www.elsindical.com.ar\/notas\/wp-json\/wp\/v2\/posts\/65281","targetHints":{"allow":["GET"]}}],"collection":[{"href":"https:\/\/www.elsindical.com.ar\/notas\/wp-json\/wp\/v2\/posts"}],"about":[{"href":"https:\/\/www.elsindical.com.ar\/notas\/wp-json\/wp\/v2\/types\/post"}],"author":[{"embeddable":true,"href":"https:\/\/www.elsindical.com.ar\/notas\/wp-json\/wp\/v2\/users\/1"}],"replies":[{"embeddable":true,"href":"https:\/\/www.elsindical.com.ar\/notas\/wp-json\/wp\/v2\/comments?post=65281"}],"version-history":[{"count":1,"href":"https:\/\/www.elsindical.com.ar\/notas\/wp-json\/wp\/v2\/posts\/65281\/revisions"}],"predecessor-version":[{"id":65283,"href":"https:\/\/www.elsindical.com.ar\/notas\/wp-json\/wp\/v2\/posts\/65281\/revisions\/65283"}],"wp:attachment":[{"href":"https:\/\/www.elsindical.com.ar\/notas\/wp-json\/wp\/v2\/media?parent=65281"}],"wp:term":[{"taxonomy":"category","embeddable":true,"href":"https:\/\/www.elsindical.com.ar\/notas\/wp-json\/wp\/v2\/categories?post=65281"},{"taxonomy":"post_tag","embeddable":true,"href":"https:\/\/www.elsindical.com.ar\/notas\/wp-json\/wp\/v2\/tags?post=65281"}],"curies":[{"name":"wp","href":"https:\/\/api.w.org\/{rel}","templated":true}]}}