{"id":65242,"date":"2017-02-05T16:42:09","date_gmt":"2017-02-05T19:42:09","guid":{"rendered":"http:\/\/www.elsindical.com.ar\/notas\/?p=65242"},"modified":"2017-02-05T16:42:09","modified_gmt":"2017-02-05T19:42:09","slug":"malcorra-imputada-por-uso-de-fondos-publicos-para-impulsar-su-candidatura-en-la-onu","status":"publish","type":"post","link":"https:\/\/www.elsindical.com.ar\/notas\/malcorra-imputada-por-uso-de-fondos-publicos-para-impulsar-su-candidatura-en-la-onu\/","title":{"rendered":"Malcorra imputada por uso de fondos p\u00fablicos para impulsar su candidatura en la ONU"},"content":{"rendered":"<p><em>\u00a0\u00a0<a href=\"http:\/\/www.elsindical.com.ar\/notas\/var\/www\/html\/notas\/wp-content\/uploads\/2017\/02\/Susana-Malcorra.jpg\"><img loading=\"lazy\" decoding=\"async\" class=\"alignnone size-medium wp-image-65243\" src=\"http:\/\/www.elsindical.com.ar\/notas\/var\/www\/html\/notas\/wp-content\/uploads\/2017\/02\/Susana-Malcorra-300x169.jpg\" alt=\"\" width=\"300\" height=\"169\" srcset=\"https:\/\/www.elsindical.com.ar\/notas\/var\/www\/html\/notas\/wp-content\/uploads\/2017\/02\/Susana-Malcorra-300x169.jpg 300w, https:\/\/www.elsindical.com.ar\/notas\/var\/www\/html\/notas\/wp-content\/uploads\/2017\/02\/Susana-Malcorra-768x432.jpg 768w, https:\/\/www.elsindical.com.ar\/notas\/var\/www\/html\/notas\/wp-content\/uploads\/2017\/02\/Susana-Malcorra-500x281.jpg 500w, https:\/\/www.elsindical.com.ar\/notas\/var\/www\/html\/notas\/wp-content\/uploads\/2017\/02\/Susana-Malcorra.jpg 770w\" sizes=\"auto, (max-width: 300px) 100vw, 300px\" \/><\/a> La canciller argentina se enfrenta a duras acusaciones por malversaci\u00f3n de fondos del Estado.<\/em><\/p>\n<p>A la fallida pelea por ser nombrada como secretaria general de las Naciones Unidas se le acaba de sumar a la canciller Susana Malcorra una imputaci\u00f3n judicial por haber utilizado m\u00e1s de 1.300.000 pesos de fondos p\u00fablicos argentinos en gastos para impulsar esa candidatura.<\/p>\n<p>Luego de que oficialmente el fiscal federal Patricio Evers tuviera certeza que el gasto en vi\u00e1ticos y pasajes que utiliz\u00f3 la Canciller y secretarios fuera de 1.347.854,24 pesos, pidi\u00f3 abrir formalmente una investigaci\u00f3n en su contra: \u00abExisten elementos para instar la acci\u00f3n penal en contra de Malcorra\u00bb, sostuvo.<\/p>\n<p>Fue la presentaci\u00f3n del \u00faltimo informe que el Jefe de Gabinete, Marcos Pe\u00f1a, hiciera ante el Senado a partir de la cual se conoci\u00f3 los gastos en sostener la candidatura de Malcorra a la ONU, presidencia que finalmente qued\u00f3 en manos del portugu\u00e9s Antonio Guterres.<\/p>\n<p>Luego el abogado Denis Pitt\u00e9 Flechter present\u00f3 la denuncia ante la jueza federal Mar\u00eda Servini de Cubr\u00eda por los delitos de \u00abpeculado de servicios y malversaci\u00f3n de caudales p\u00fablicos\u00bb.<\/p>\n<p>El fiscal Evers solicit\u00f3 informes previos y la Canciller\u00eda le comunic\u00f3 sobre los gatos de vi\u00e1ticos y pasajes de Malcorra pero tambi\u00e9n de sus secretarios Tom\u00e1s Giudici y Marcos Stancanelli.<\/p>\n<p>La Canciller\u00eda inform\u00f3 al fiscal que Malcorra hab\u00eda realizado concretamente tres viajes durante 2016 con motivo de su candidatura: dos a la ciudad de Nueva York, uno entre el 2 y 9 de junio acompa\u00f1ada del secretario de embajada Giudici y entre el 24 y 27 de julio por Stancaneli.<\/p>\n<p>El tercer viaje, seg\u00fan inform\u00f3 el organismo, fue a las ciudades de Nueva York, Luanda y El Cairo desde el 17 al 26 de agosto, y nuevamente fue acompa\u00f1ada por Giudici.<\/p>\n<p>Tambi\u00e9n la Canciller\u00eda detall\u00f3 que entre los d\u00edas 28 y 29 de septiembre la ministra realiz\u00f3 escala de un d\u00eda y medio en Nueva York (luego de un viaje a Cartagena para presenciar la firma del acuerdo de Paz entre el Gobierno de Colombia y las FARC) para reunirse con representantes de pa\u00edses de miembros permanentes de la ONU.<\/p>\n<p>Seg\u00fan el detalle del informe, la Canciller insumi\u00f3 pasajes por montos de 152.698 pesos y otros 154.971 por los dos viajes a Nueva York, y luego de 318.166 por el que luego hiciera a esa ciudad junto con Luanda y El Cairo.<\/p>\n<p>La escala por el d\u00eda y medio en septiembre tuvo un costo en vi\u00e1ticos de 28.247,14 pesos, y los gastos totales por vi\u00e1ticos en esas cuatro oportunidades fue de 121.992,60 pesos.<\/p>\n<p>El gasto de vi\u00e1ticos y pasajes que fue para el secretario Giudici fue por un total de 376.184,15 pesos y en el caso de Stananelli unos 195.592.<\/p>\n<p>Ante la jueza Servini de Cubr\u00eda, el fiscal pidi\u00f3 que se requiera al Ministerio de Relaciones Exteriores y Culto la documentaci\u00f3n que respalda los gastos informados por el organismo; y que tambi\u00e9n se informe sobre la n\u00f3mina de personas que trabajaron en la candidatura de Malcorra apuntando sus funciones concretas.<\/p>\n<p>Tambi\u00e9n pidi\u00f3 que el Jefe de Gabinete informe si los gastos utilizados en la candidatura de Malcorra para acceder a la Secretar\u00eda General de la ONU fueron autorizados por el presidente de la Naci\u00f3n, Mauricio Macri, y \u00absi se fundamentaba en razones de pol\u00edtica exterior\u00bb.<\/p>\n","protected":false},"excerpt":{"rendered":"<p>\u00a0\u00a0 La canciller argentina se enfrenta a duras acusaciones por malversaci\u00f3n de fondos del Estado. A la fallida pelea por ser nombrada como secretaria general de las Naciones Unidas se le acaba de sumar a la canciller Susana Malcorra una imputaci\u00f3n judicial por haber utilizado m\u00e1s de 1.300.000 pesos de fondos p\u00fablicos argentinos en gastos&hellip;<\/p>\n","protected":false},"author":1,"featured_media":0,"comment_status":"open","ping_status":"open","sticky":false,"template":"","format":"standard","meta":{"footnotes":""},"categories":[20],"tags":[4953,2338,25218],"class_list":["post-65242","post","type-post","status-publish","format-standard","hentry","category-judiciales","tag-marcos-pena","tag-onu","tag-susana-macorra"],"_links":{"self":[{"href":"https:\/\/www.elsindical.com.ar\/notas\/wp-json\/wp\/v2\/posts\/65242","targetHints":{"allow":["GET"]}}],"collection":[{"href":"https:\/\/www.elsindical.com.ar\/notas\/wp-json\/wp\/v2\/posts"}],"about":[{"href":"https:\/\/www.elsindical.com.ar\/notas\/wp-json\/wp\/v2\/types\/post"}],"author":[{"embeddable":true,"href":"https:\/\/www.elsindical.com.ar\/notas\/wp-json\/wp\/v2\/users\/1"}],"replies":[{"embeddable":true,"href":"https:\/\/www.elsindical.com.ar\/notas\/wp-json\/wp\/v2\/comments?post=65242"}],"version-history":[{"count":1,"href":"https:\/\/www.elsindical.com.ar\/notas\/wp-json\/wp\/v2\/posts\/65242\/revisions"}],"predecessor-version":[{"id":65244,"href":"https:\/\/www.elsindical.com.ar\/notas\/wp-json\/wp\/v2\/posts\/65242\/revisions\/65244"}],"wp:attachment":[{"href":"https:\/\/www.elsindical.com.ar\/notas\/wp-json\/wp\/v2\/media?parent=65242"}],"wp:term":[{"taxonomy":"category","embeddable":true,"href":"https:\/\/www.elsindical.com.ar\/notas\/wp-json\/wp\/v2\/categories?post=65242"},{"taxonomy":"post_tag","embeddable":true,"href":"https:\/\/www.elsindical.com.ar\/notas\/wp-json\/wp\/v2\/tags?post=65242"}],"curies":[{"name":"wp","href":"https:\/\/api.w.org\/{rel}","templated":true}]}}