{"id":65239,"date":"2017-02-05T16:34:36","date_gmt":"2017-02-05T19:34:36","guid":{"rendered":"http:\/\/www.elsindical.com.ar\/notas\/?p=65239"},"modified":"2017-02-05T16:34:36","modified_gmt":"2017-02-05T19:34:36","slug":"cgt-asegura-que-se-perdieron-400-mil-puestos-de-trabajo","status":"publish","type":"post","link":"https:\/\/www.elsindical.com.ar\/notas\/cgt-asegura-que-se-perdieron-400-mil-puestos-de-trabajo\/","title":{"rendered":"CGT asegura que se perdieron 400 mil puestos de trabajo"},"content":{"rendered":"<p><em><span class=\"text description col-xs-8 col-lg-9\"><a href=\"http:\/\/www.elsindical.com.ar\/notas\/var\/www\/html\/notas\/wp-content\/uploads\/2017\/02\/CGT-c\u00fapula.jpg\"><img loading=\"lazy\" decoding=\"async\" class=\"alignnone size-medium wp-image-65240\" src=\"http:\/\/www.elsindical.com.ar\/notas\/var\/www\/html\/notas\/wp-content\/uploads\/2017\/02\/CGT-c\u00fapula-300x186.jpg\" alt=\"\" width=\"300\" height=\"186\" srcset=\"https:\/\/www.elsindical.com.ar\/notas\/var\/www\/html\/notas\/wp-content\/uploads\/2017\/02\/CGT-c\u00fapula-300x186.jpg 300w, https:\/\/www.elsindical.com.ar\/notas\/var\/www\/html\/notas\/wp-content\/uploads\/2017\/02\/CGT-c\u00fapula-484x300.jpg 484w, https:\/\/www.elsindical.com.ar\/notas\/var\/www\/html\/notas\/wp-content\/uploads\/2017\/02\/CGT-c\u00fapula.jpg 655w\" sizes=\"auto, (max-width: 300px) 100vw, 300px\" \/><\/a>\u00a0 El triunvirato de la central obrera endurece su postura ante el gobierno, dada la actual situaci\u00f3n econ\u00f3mica.<\/span><\/em><\/p>\n<p>La CGT, afirm\u00f3 que ya hubo 400 mil despidos en lo que va de gesti\u00f3n del Presidente Macri y Cambiemos. As\u00ed lo confirm\u00f3 Juan Carlos Schmid, uno de los secretarios generales de la principal central obrera.<\/p>\n<p>Seg\u00fan los datos del propio Instituto Nacional de Estad\u00edsticas y Censos (INDEC) \u00abcayeron 127 empleos registrados\u00bb. \u00abLos economistas y los dirigentes sociales suelen explicar que cuando cae un empleo en blanco hay una onda expansiva en el empleo informal. No exageramos si hablamos de una p\u00e9rdida de 400 mil puestos de trabajo. Es una locura\u00bb, dijo uno de los jefes de la Confederaci\u00f3n General del Trabajo.<\/p>\n<p>\u00abEl problema es la destrucci\u00f3n de trabajo. Hay despidos como consecuencia del derrumbe de la actividad econ\u00f3mica y la ca\u00edda del consumo\u00bb, sostuvo Schmid.<\/p>\n<p>El sindicalista tambi\u00e9n apunt\u00f3 contra los empresarios y afirm\u00f3 que la responsabilidad del sector frente a la p\u00e9rdida de puestos de trabajo \u00abes la falta de cooperaci\u00f3n\u00bb. \u00abLo que est\u00e1 intentando hacer la UIA es justificar su falta de colaboraci\u00f3n, al decir `si no hay venta ni consumo no puedo seguir manteniendo a la gente\u00b4. Pero \u00e9sa no era la idea del compromiso que tomamos todos. Para decirlo en lenguaje del f\u00fatbol, el esp\u00edritu era aguantar los trapos hasta marzo a ver si se pon\u00eda en marcha la econom\u00eda. No lo hicieron. La ola de despidos se acentu\u00f3 en diciembre y se puso peor en enero\u00bb, afirm\u00f3.<\/p>\n<p>Respecto de la movilizaci\u00f3n del 7 de marzo, afirm\u00f3 que la idea es ir \u00abcalentando los motores para desembocar en una protesta de mayor envergadura a finales de marzo\u00bb.<\/p>\n","protected":false},"excerpt":{"rendered":"<p>\u00a0 El triunvirato de la central obrera endurece su postura ante el gobierno, dada la actual situaci\u00f3n econ\u00f3mica. La CGT, afirm\u00f3 que ya hubo 400 mil despidos en lo que va de gesti\u00f3n del Presidente Macri y Cambiemos. As\u00ed lo confirm\u00f3 Juan Carlos Schmid, uno de los secretarios generales de la principal central obrera. Seg\u00fan&hellip;<\/p>\n","protected":false},"author":1,"featured_media":0,"comment_status":"open","ping_status":"open","sticky":false,"template":"","format":"standard","meta":{"footnotes":""},"categories":[16],"tags":[910,53,25217,2200,4674],"class_list":["post-65239","post","type-post","status-publish","format-standard","hentry","category-gremiales","tag-cgt","tag-despidos","tag-fuente-de-trabajo","tag-indec","tag-uia"],"_links":{"self":[{"href":"https:\/\/www.elsindical.com.ar\/notas\/wp-json\/wp\/v2\/posts\/65239","targetHints":{"allow":["GET"]}}],"collection":[{"href":"https:\/\/www.elsindical.com.ar\/notas\/wp-json\/wp\/v2\/posts"}],"about":[{"href":"https:\/\/www.elsindical.com.ar\/notas\/wp-json\/wp\/v2\/types\/post"}],"author":[{"embeddable":true,"href":"https:\/\/www.elsindical.com.ar\/notas\/wp-json\/wp\/v2\/users\/1"}],"replies":[{"embeddable":true,"href":"https:\/\/www.elsindical.com.ar\/notas\/wp-json\/wp\/v2\/comments?post=65239"}],"version-history":[{"count":1,"href":"https:\/\/www.elsindical.com.ar\/notas\/wp-json\/wp\/v2\/posts\/65239\/revisions"}],"predecessor-version":[{"id":65241,"href":"https:\/\/www.elsindical.com.ar\/notas\/wp-json\/wp\/v2\/posts\/65239\/revisions\/65241"}],"wp:attachment":[{"href":"https:\/\/www.elsindical.com.ar\/notas\/wp-json\/wp\/v2\/media?parent=65239"}],"wp:term":[{"taxonomy":"category","embeddable":true,"href":"https:\/\/www.elsindical.com.ar\/notas\/wp-json\/wp\/v2\/categories?post=65239"},{"taxonomy":"post_tag","embeddable":true,"href":"https:\/\/www.elsindical.com.ar\/notas\/wp-json\/wp\/v2\/tags?post=65239"}],"curies":[{"name":"wp","href":"https:\/\/api.w.org\/{rel}","templated":true}]}}