{"id":65140,"date":"2017-02-01T10:39:31","date_gmt":"2017-02-01T13:39:31","guid":{"rendered":"http:\/\/www.elsindical.com.ar\/notas\/?p=65140"},"modified":"2017-02-01T10:39:31","modified_gmt":"2017-02-01T13:39:31","slug":"provincia-no-es-necesario-pagar-las-multas-para-renovar-el-registro","status":"publish","type":"post","link":"https:\/\/www.elsindical.com.ar\/notas\/provincia-no-es-necesario-pagar-las-multas-para-renovar-el-registro\/","title":{"rendered":"Provincia: no es necesario pagar las multas para renovar el registro"},"content":{"rendered":"<p><em>\u00a0 <a href=\"http:\/\/www.elsindical.com.ar\/notas\/var\/www\/html\/notas\/wp-content\/uploads\/2016\/02\/multas-CABA.jpg\"><img loading=\"lazy\" decoding=\"async\" class=\"alignnone size-medium wp-image-57032\" src=\"http:\/\/www.elsindical.com.ar\/notas\/var\/www\/html\/notas\/wp-content\/uploads\/2016\/02\/multas-CABA-300x189.jpg\" alt=\"\" width=\"300\" height=\"189\" srcset=\"https:\/\/www.elsindical.com.ar\/notas\/var\/www\/html\/notas\/wp-content\/uploads\/2016\/02\/multas-CABA-300x189.jpg 300w, https:\/\/www.elsindical.com.ar\/notas\/var\/www\/html\/notas\/wp-content\/uploads\/2016\/02\/multas-CABA-476x300.jpg 476w, https:\/\/www.elsindical.com.ar\/notas\/var\/www\/html\/notas\/wp-content\/uploads\/2016\/02\/multas-CABA.jpg 531w\" sizes=\"auto, (max-width: 300px) 100vw, 300px\" \/><\/a>Es solo para los casos en los que la \u00absentencia no est\u00e1 firme\u00bb, inform\u00f3 la Defensor\u00eda del Pueblo Bonaerense.<\/em><\/p>\n<p>La Defensor\u00eda del Pueblo bonaerense inform\u00f3 hoy que tras una resoluci\u00f3n elaborada por el organismo, ya no es necesario que los municipios requieran del pago de deudas sin sentencia firme a la hora de renovar las licencias de conducir.<\/p>\n<p>Esta medida dispuesta por el gobierno Provincial, a trav\u00e9s de su direcci\u00f3n de Pol\u00edtica y Seguridad Vial, se origin\u00f3 en una resoluci\u00f3n de la Defensor\u00eda que daba respuesta a las numerosas quejas relacionadas a la imposibilidad de obtener la renovaci\u00f3n del carnet, en los distritos donde la gente posee sus domicilios, si exist\u00edan deudas pendientes de cancelaci\u00f3n.<\/p>\n<p>Es por eso que ahora los municipios no deben obstaculizar la renovaci\u00f3n del registro de conducir si el ciudadano posee infracciones constatadas o en tr\u00e1mite, sin sentencia firme.<\/p>\n<p>\u00abSe trata de una medida con la que la Defensor\u00eda apoya el reclamo de los ciudadanos ante la presencia de casos dudosos que no le permitan ejercer su desecho leg\u00edtimos de defensa\u00bb, sostuvo Guido Lorenzino, a cargo del organismo.<\/p>\n<p>En esa l\u00ednea, el Defensor del Pueblo destac\u00f3 la decisi\u00f3n de \u00abproteger un derecho elemental como es la seguridad vial, elemento clave para garantizar tanto la libre circulaci\u00f3n de los bonaerenses como as\u00ed apuntar a la reducci\u00f3n de siniestros en las calles y rutas de la Provincia\u00bb.<\/p>\n","protected":false},"excerpt":{"rendered":"<p>\u00a0 Es solo para los casos en los que la \u00absentencia no est\u00e1 firme\u00bb, inform\u00f3 la Defensor\u00eda del Pueblo Bonaerense. La Defensor\u00eda del Pueblo bonaerense inform\u00f3 hoy que tras una resoluci\u00f3n elaborada por el organismo, ya no es necesario que los municipios requieran del pago de deudas sin sentencia firme a la hora de renovar&hellip;<\/p>\n","protected":false},"author":1,"featured_media":0,"comment_status":"open","ping_status":"open","sticky":false,"template":"","format":"standard","meta":{"footnotes":""},"categories":[25],"tags":[5824,25169,1537,8190],"class_list":["post-65140","post","type-post","status-publish","format-standard","hentry","category-sociedad","tag-defensoria-del-pueblo","tag-guido-lorenzino","tag-multas","tag-municipios"],"_links":{"self":[{"href":"https:\/\/www.elsindical.com.ar\/notas\/wp-json\/wp\/v2\/posts\/65140","targetHints":{"allow":["GET"]}}],"collection":[{"href":"https:\/\/www.elsindical.com.ar\/notas\/wp-json\/wp\/v2\/posts"}],"about":[{"href":"https:\/\/www.elsindical.com.ar\/notas\/wp-json\/wp\/v2\/types\/post"}],"author":[{"embeddable":true,"href":"https:\/\/www.elsindical.com.ar\/notas\/wp-json\/wp\/v2\/users\/1"}],"replies":[{"embeddable":true,"href":"https:\/\/www.elsindical.com.ar\/notas\/wp-json\/wp\/v2\/comments?post=65140"}],"version-history":[{"count":1,"href":"https:\/\/www.elsindical.com.ar\/notas\/wp-json\/wp\/v2\/posts\/65140\/revisions"}],"predecessor-version":[{"id":65141,"href":"https:\/\/www.elsindical.com.ar\/notas\/wp-json\/wp\/v2\/posts\/65140\/revisions\/65141"}],"wp:attachment":[{"href":"https:\/\/www.elsindical.com.ar\/notas\/wp-json\/wp\/v2\/media?parent=65140"}],"wp:term":[{"taxonomy":"category","embeddable":true,"href":"https:\/\/www.elsindical.com.ar\/notas\/wp-json\/wp\/v2\/categories?post=65140"},{"taxonomy":"post_tag","embeddable":true,"href":"https:\/\/www.elsindical.com.ar\/notas\/wp-json\/wp\/v2\/tags?post=65140"}],"curies":[{"name":"wp","href":"https:\/\/api.w.org\/{rel}","templated":true}]}}