{"id":65137,"date":"2017-02-01T09:47:19","date_gmt":"2017-02-01T12:47:19","guid":{"rendered":"http:\/\/www.elsindical.com.ar\/notas\/?p=65137"},"modified":"2017-02-01T09:47:19","modified_gmt":"2017-02-01T12:47:19","slug":"la-suba-en-la-tarifa-de-luz-llegara-al-148","status":"publish","type":"post","link":"https:\/\/www.elsindical.com.ar\/notas\/la-suba-en-la-tarifa-de-luz-llegara-al-148\/","title":{"rendered":"La suba en la tarifa de luz llegar\u00e1 al 148%"},"content":{"rendered":"<p><em>\u00a0 <a href=\"http:\/\/www.elsindical.com.ar\/notas\/var\/www\/html\/notas\/wp-content\/uploads\/2017\/02\/Aranguren-anuncios.jpg\"><img loading=\"lazy\" decoding=\"async\" class=\"alignnone size-medium wp-image-65138\" src=\"http:\/\/www.elsindical.com.ar\/notas\/var\/www\/html\/notas\/wp-content\/uploads\/2017\/02\/Aranguren-anuncios-300x141.jpg\" alt=\"\" width=\"300\" height=\"141\" srcset=\"https:\/\/www.elsindical.com.ar\/notas\/var\/www\/html\/notas\/wp-content\/uploads\/2017\/02\/Aranguren-anuncios-300x141.jpg 300w, https:\/\/www.elsindical.com.ar\/notas\/var\/www\/html\/notas\/wp-content\/uploads\/2017\/02\/Aranguren-anuncios-500x234.jpg 500w, https:\/\/www.elsindical.com.ar\/notas\/var\/www\/html\/notas\/wp-content\/uploads\/2017\/02\/Aranguren-anuncios.jpg 640w\" sizes=\"auto, (max-width: 300px) 100vw, 300px\" \/><\/a>\u00abEl precio estacional en enero es de 320 pesos por megawatt-hora, en febrero se va a ir a 400 pesos y en marzo a 640\u00bb, precis\u00f3 el ministro de Energ\u00eda, Juan Jos\u00e9 Aranguren. El aumento rige desde hoy.<\/em><\/p>\n<p>El Gobierno anunci\u00f3 el nuevo cuadro tarifario para la luz. Estiman que el impacto en la factura ser\u00e1 del 37 por ciento. El aumento se desdoblar\u00e1 entre febrero y marzo.<\/p>\n<p>El ministro de Energ\u00eda y Miner\u00eda, Juan Jos\u00e9 Aranguren, precis\u00f3 que en cuanto a \u201ccontrol y regulaci\u00f3n\u201d, el Gobierno es \u201cresponsable de la generaci\u00f3n y transporte\u201d. \u201cEn distribuci\u00f3n somos responsables solamente de dos concesiones federales, que son Edenor y Edesur; el resto est\u00e1 bajo regulaci\u00f3n provincial y municipal\u201d, apunt\u00f3.<\/p>\n<p>El funcionario precis\u00f3 que la administraci\u00f3n de Mauricio Macri ha encarado \u201cdos etapas\u201d: \u201cLa primera es la normalizaci\u00f3n del precio, hemos empezado un proceso gradual de reducci\u00f3n del servicio a los efectos de que se pueda recuperar el costo de generaci\u00f3n\u201d, se\u00f1al\u00f3 Aranguren. En cuanto a la \u201csegunda etapa\u201d, explic\u00f3: \u201cHemos encarado la normalizaci\u00f3n de concesiones de transporte\u201d con el objetivo de que las empresas propongan planes de inversi\u00f3n que deben ser analizados por el Ente Regulador (ENRE), para puedan asegurar la inversi\u00f3n y los par\u00e1metros de calidad de servicio\u201d.<\/p>\n<p>Los aumentos. En la conferencia de prensa, el secretario de Energ\u00eda, Alejandro Sruoga, brind\u00f3 algunos ejemplos de usuarios residenciales de Edenor y Edesur (Capital Federal y Gran Buenos Aires), que dan cuenta que el aumento ser\u00e1 de entre 60 y 148 por ciento desde marzo.<\/p>\n<p>La suba en el caso de los usuarios R1 ser\u00e1 de 61% promedio. Si enero pagaba $131 por el servicio total mensual, desde marzo la tarifa subir\u00e1 $80. Para los usuarios R2 la suba ser\u00e1 de 77% promedio. Estos consumidores pagaban $ 237 en enero y desde marzo abonar\u00e1n $ 183 m\u00e1s. Los que consuman entre 300 y 600 kwh por mes la suba ser\u00e1 de 90,12%. En enero estos pagaban $ 618 y desde marzo pagar\u00e1n como m\u00e1ximo $ 1.175. El \u00faltimo caso es para lo que consumen entre 600 y 1.500 kwh. En este segmento el tarifazo ser\u00e1 el m\u00e1s alto: 148,5%. En enero estos usuarios pagaban $ 1.418 por mes, mientras que en marzo abonar\u00e1n $ 3.524 como l\u00edmite.<\/p>\n<p>Aranguren precis\u00f3 que el aumento del servicio comienza a regir desde hoy. \u201cComo febrero es un mes de alto consumo el\u00e9ctrico, vamos a desdoblar el aumento asi que el nivel de incidencia se ver\u00e1 reci\u00e9n a partir de marzo\u201d, explic\u00f3.<\/p>\n<p>Insisti\u00f3 en que \u201cel valor agregado de distribuci\u00f3n en Capital y GBA se ver\u00e1 desde febrero\u201d; es decir, la factura de ese mes ya llegar\u00e1 con aumento pero reci\u00e9n se completar\u00e1 el mes siguiente.<\/p>\n","protected":false},"excerpt":{"rendered":"<p>\u00a0 \u00abEl precio estacional en enero es de 320 pesos por megawatt-hora, en febrero se va a ir a 400 pesos y en marzo a 640\u00bb, precis\u00f3 el ministro de Energ\u00eda, Juan Jos\u00e9 Aranguren. El aumento rige desde hoy. El Gobierno anunci\u00f3 el nuevo cuadro tarifario para la luz. Estiman que el impacto en la&hellip;<\/p>\n","protected":false},"author":1,"featured_media":0,"comment_status":"open","ping_status":"open","sticky":false,"template":"","format":"standard","meta":{"footnotes":""},"categories":[9],"tags":[357,2353,1706,3764,18029,76,373],"class_list":["post-65137","post","type-post","status-publish","format-standard","hentry","category-economia","tag-aumento","tag-clientes","tag-consumo","tag-enre","tag-juan-jose-aranguren","tag-mauricio-macri","tag-tarifas"],"_links":{"self":[{"href":"https:\/\/www.elsindical.com.ar\/notas\/wp-json\/wp\/v2\/posts\/65137","targetHints":{"allow":["GET"]}}],"collection":[{"href":"https:\/\/www.elsindical.com.ar\/notas\/wp-json\/wp\/v2\/posts"}],"about":[{"href":"https:\/\/www.elsindical.com.ar\/notas\/wp-json\/wp\/v2\/types\/post"}],"author":[{"embeddable":true,"href":"https:\/\/www.elsindical.com.ar\/notas\/wp-json\/wp\/v2\/users\/1"}],"replies":[{"embeddable":true,"href":"https:\/\/www.elsindical.com.ar\/notas\/wp-json\/wp\/v2\/comments?post=65137"}],"version-history":[{"count":1,"href":"https:\/\/www.elsindical.com.ar\/notas\/wp-json\/wp\/v2\/posts\/65137\/revisions"}],"predecessor-version":[{"id":65139,"href":"https:\/\/www.elsindical.com.ar\/notas\/wp-json\/wp\/v2\/posts\/65137\/revisions\/65139"}],"wp:attachment":[{"href":"https:\/\/www.elsindical.com.ar\/notas\/wp-json\/wp\/v2\/media?parent=65137"}],"wp:term":[{"taxonomy":"category","embeddable":true,"href":"https:\/\/www.elsindical.com.ar\/notas\/wp-json\/wp\/v2\/categories?post=65137"},{"taxonomy":"post_tag","embeddable":true,"href":"https:\/\/www.elsindical.com.ar\/notas\/wp-json\/wp\/v2\/tags?post=65137"}],"curies":[{"name":"wp","href":"https:\/\/api.w.org\/{rel}","templated":true}]}}