{"id":65115,"date":"2017-01-31T12:28:40","date_gmt":"2017-01-31T15:28:40","guid":{"rendered":"http:\/\/www.elsindical.com.ar\/notas\/?p=65115"},"modified":"2017-01-31T12:28:40","modified_gmt":"2017-01-31T15:28:40","slug":"desde-manana-comprar-en-cuotas-saldra-entre-10-y-40-mas-caro-que-al-contado","status":"publish","type":"post","link":"https:\/\/www.elsindical.com.ar\/notas\/desde-manana-comprar-en-cuotas-saldra-entre-10-y-40-mas-caro-que-al-contado\/","title":{"rendered":"Desde ma\u00f1ana, comprar en cuotas saldr\u00e1 entre 10 y 40% m\u00e1s caro que al contado"},"content":{"rendered":"<p><a href=\"http:\/\/www.elsindical.com.ar\/notas\/var\/www\/html\/notas\/wp-content\/uploads\/2017\/01\/cuotas-m\u00e1s-altas.jpg\"><img loading=\"lazy\" decoding=\"async\" class=\"size-medium wp-image-65116\" src=\"http:\/\/www.elsindical.com.ar\/notas\/var\/www\/html\/notas\/wp-content\/uploads\/2017\/01\/cuotas-m\u00e1s-altas-300x169.jpg\" alt=\"\" width=\"300\" height=\"169\" srcset=\"https:\/\/www.elsindical.com.ar\/notas\/var\/www\/html\/notas\/wp-content\/uploads\/2017\/01\/cuotas-m\u00e1s-altas-300x169.jpg 300w, https:\/\/www.elsindical.com.ar\/notas\/var\/www\/html\/notas\/wp-content\/uploads\/2017\/01\/cuotas-m\u00e1s-altas-768x434.jpg 768w, https:\/\/www.elsindical.com.ar\/notas\/var\/www\/html\/notas\/wp-content\/uploads\/2017\/01\/cuotas-m\u00e1s-altas-500x282.jpg 500w, https:\/\/www.elsindical.com.ar\/notas\/var\/www\/html\/notas\/wp-content\/uploads\/2017\/01\/cuotas-m\u00e1s-altas.jpg 930w\" sizes=\"auto, (max-width: 300px) 100vw, 300px\" \/><\/a><\/p>\n<p><em>\u00a0Habr\u00e1 dos precios: uno si la operaci\u00f3n se salda en un pago y otro, mayor, que reflejar\u00e1 el costo del financiamiento.<\/em><\/p>\n<p>A partir de ma\u00f1ana pagar en cuotas costar\u00e1 hasta un 40% m\u00e1s que el precio de contado. Es porque entra en vigencia el programa oficial \u201cPrecios transparentes\u201d, que obliga a los comercios a diferenciar el precio en un pago (con d\u00e9bito, cr\u00e9dito o en efectivo) del que rige para la financiaci\u00f3n. Seg\u00fan los bancos, comprar con tarjeta en cuotas llevar\u00e1 un recargo de entre el 10% y el 40%.<\/p>\n<p>\u201cEl plazo promedio de las compras a cr\u00e9dito es de seis cuotas. Para ese plazo, el costo de financiaci\u00f3n ronda el 20%\u201d, dijo a Clar\u00edn Daniel Llamb\u00edas, titular de la Asociaci\u00f3n de Bancos Argentinos (Adeba), la c\u00e1mara que agrupa a los de capital nacional.<\/p>\n<p>Para 12 cuotas, la financiaci\u00f3n se eleva al 40%, mientras que a 3 cuotas se acerca al 10%. Son promedios de los costos que aplican los grandes bancos.<\/p>\n<p>En la Secretar\u00eda de Comercio afirman que a partir del mi\u00e9rcoles las compras financiadas m\u00e1s baratas ser\u00e1n las que se enmarquen dentro del plan \u201cAhora 12\u201d y \u201cAhora 18%, que llevar\u00e1 un costo financiero del 27% y 30%, respectivamente. Ambos planes llevan una parte de su costo subsidiado: los bancos no mueven la tasa y a cambio el Banco Central les reduce el encaje bancario.<\/p>\n<p>Mir\u00e1 tambi\u00e9n: Cuotas vs. contado: las diferencias que deber\u00edan mostrar los comercios<\/p>\n<p>\u00bfSobre que valor se aplicar\u00e1 el recargo de la compra con cuotas? La inc\u00f3gnita que por estas horas predomina entre los consumidores y hasta en los propios bancos. Es que nada impide que los comerciantes tomen los precios de contado actuales, que seg\u00fan el Gobierno est\u00e1n inflados y esconden el costo que solo deber\u00edan pagar quienes opten por m\u00e1s de un pago, y le sumen el porcentaje de recargo. \u201cNo habr\u00e1 control de precios. Cada comercio fijar\u00e1 el valor que quiera como base para la financiaci\u00f3n\u201d, dicen en el Gobierno.<\/p>\n<p>El secretario de Comercio, Miguel Braun, reconoci\u00f3 ayer en declaraciones radiales que \u00abtal vez, alg\u00fan comerciante se va a querer avivar y decir &#8216;subo el precio\u00bb, por lo que \u00abhabr\u00e1 que ponerse m\u00e1s vigilantes\u201d. Sin embargo, los controles estar\u00e1n apuntados a las grandes cadenas de supermercados y electrodom\u00e9sticos, que son los formadores de precios, y estar\u00edan destinados \u00fanicamente a chequear si cumplen con diferenciar el precio de contado del financiado. Tampoco habr\u00e1 controles que impidan que los vendedores ofrezcan un descuento por pagar con efectivo, como ocurre actualmente en gran cantidad de comercios. Esos descuentos en efectivo, oscilan ente el 10% y el 15%.<\/p>\n<p>Para quienes incumplan con la nueva norma y sean detectados por inspectores de la Secretaria de Comercio, tendr\u00e1n que pagar multas desde $100 hasta $ 5 millones, tal cual esta previsto en las leyes de Defensa del Consumidor y Lealtad Comercial.<\/p>\n<p>Mir\u00e1 tambi\u00e9n: Suman el \u00abAhora 12\u00bb al plan de transparencia y advierten por la suba de precios<\/p>\n<p>En tanto, en el Gobierno esperan que a mediano plazo la medida ayude a evitar subas de precios. \u201cEl que suba los precios seguramente va a tener menos ventas\u201d, dijo Braun. Adem\u00e1s esperan que los bancos compitan por la financiaci\u00f3n y ofrezcan mejores tasas para sumar clientes. \u201cVamos a volver a un escenario mas competitivo, como el que vivimos entre 2003 y 2008 donde muchos comercios ten\u00eda un descuento con unas tarjetas pero no con todas. \u201cEsto perjudicar\u00eda a los bancos peque\u00f1os porque los m\u00e1s grandes tienen la posibilidad de negociar acuerdos con las grandes cadenas, mientras hasta ahora estaban todos en igualdad de condiciones porque la gente no sabia el costo financiero total y esa no era una condici\u00f3n a la hora de elegir la tarjeta de un banco\u201d, advierten en un banco l\u00edder.<\/p>\n<p>Llamb\u00edas celebr\u00f3 la medida: \u201cEl sistema que tuvimos hasta hoy fue muy bueno, y sirvi\u00f3 para recuperar el nivel de consumo y bancarizaci\u00f3n despu\u00e9s de la crisis de 2002. Esta bien que el Gobierno busque mejorar aun m\u00e1s las condiciones del mercado\u201d, afirm\u00f3.<\/p>\n<p>\u201cPara comercios mas chicos la tasa seguramente ser\u00e1 mas alta porque los grandes pueden negociar mejores condiciones. Por eso la relevancia de sostener los planes Ahora 12 y 18\u201d, dicen en Comercio.<\/p>\n<p>&nbsp;<\/p>\n<p><strong>Fuente: Clar\u00edn<\/strong><\/p>\n","protected":false},"excerpt":{"rendered":"<p>\u00a0Habr\u00e1 dos precios: uno si la operaci\u00f3n se salda en un pago y otro, mayor, que reflejar\u00e1 el costo del financiamiento. A partir de ma\u00f1ana pagar en cuotas costar\u00e1 hasta un 40% m\u00e1s que el precio de contado. Es porque entra en vigencia el programa oficial \u201cPrecios transparentes\u201d, que obliga a los comercios a diferenciar&hellip;<\/p>\n","protected":false},"author":1,"featured_media":0,"comment_status":"open","ping_status":"open","sticky":false,"template":"","format":"standard","meta":{"footnotes":""},"categories":[9],"tags":[1046,25195,2458,25194,8579,4741],"class_list":["post-65115","post","type-post","status-publish","format-standard","hentry","category-economia","tag-adeba","tag-contado","tag-cuotas","tag-daniel-llambias","tag-financiacion","tag-precio"],"_links":{"self":[{"href":"https:\/\/www.elsindical.com.ar\/notas\/wp-json\/wp\/v2\/posts\/65115","targetHints":{"allow":["GET"]}}],"collection":[{"href":"https:\/\/www.elsindical.com.ar\/notas\/wp-json\/wp\/v2\/posts"}],"about":[{"href":"https:\/\/www.elsindical.com.ar\/notas\/wp-json\/wp\/v2\/types\/post"}],"author":[{"embeddable":true,"href":"https:\/\/www.elsindical.com.ar\/notas\/wp-json\/wp\/v2\/users\/1"}],"replies":[{"embeddable":true,"href":"https:\/\/www.elsindical.com.ar\/notas\/wp-json\/wp\/v2\/comments?post=65115"}],"version-history":[{"count":1,"href":"https:\/\/www.elsindical.com.ar\/notas\/wp-json\/wp\/v2\/posts\/65115\/revisions"}],"predecessor-version":[{"id":65117,"href":"https:\/\/www.elsindical.com.ar\/notas\/wp-json\/wp\/v2\/posts\/65115\/revisions\/65117"}],"wp:attachment":[{"href":"https:\/\/www.elsindical.com.ar\/notas\/wp-json\/wp\/v2\/media?parent=65115"}],"wp:term":[{"taxonomy":"category","embeddable":true,"href":"https:\/\/www.elsindical.com.ar\/notas\/wp-json\/wp\/v2\/categories?post=65115"},{"taxonomy":"post_tag","embeddable":true,"href":"https:\/\/www.elsindical.com.ar\/notas\/wp-json\/wp\/v2\/tags?post=65115"}],"curies":[{"name":"wp","href":"https:\/\/api.w.org\/{rel}","templated":true}]}}