{"id":65113,"date":"2017-01-31T12:17:41","date_gmt":"2017-01-31T15:17:41","guid":{"rendered":"http:\/\/www.elsindical.com.ar\/notas\/?p=65113"},"modified":"2017-01-31T12:17:41","modified_gmt":"2017-01-31T15:17:41","slug":"la-cgt-comenzaria-las-protestas-contra-macri-con-una-movilizacion","status":"publish","type":"post","link":"https:\/\/www.elsindical.com.ar\/notas\/la-cgt-comenzaria-las-protestas-contra-macri-con-una-movilizacion\/","title":{"rendered":"La CGT comenzar\u00eda las protestas contra Macri con una movilizaci\u00f3n"},"content":{"rendered":"<p><em><a href=\"http:\/\/www.elsindical.com.ar\/notas\/var\/www\/html\/notas\/wp-content\/uploads\/2017\/01\/reuni\u00f3n-CGT-Mar-del-Plata.jpg\"><img loading=\"lazy\" decoding=\"async\" class=\"alignnone size-medium wp-image-64940\" src=\"http:\/\/www.elsindical.com.ar\/notas\/var\/www\/html\/notas\/wp-content\/uploads\/2017\/01\/reuni\u00f3n-CGT-Mar-del-Plata-300x204.jpg\" alt=\"\" width=\"300\" height=\"204\" srcset=\"https:\/\/www.elsindical.com.ar\/notas\/var\/www\/html\/notas\/wp-content\/uploads\/2017\/01\/reuni\u00f3n-CGT-Mar-del-Plata-300x204.jpg 300w, https:\/\/www.elsindical.com.ar\/notas\/var\/www\/html\/notas\/wp-content\/uploads\/2017\/01\/reuni\u00f3n-CGT-Mar-del-Plata-768x522.jpg 768w, https:\/\/www.elsindical.com.ar\/notas\/var\/www\/html\/notas\/wp-content\/uploads\/2017\/01\/reuni\u00f3n-CGT-Mar-del-Plata-1024x696.jpg 1024w, https:\/\/www.elsindical.com.ar\/notas\/var\/www\/html\/notas\/wp-content\/uploads\/2017\/01\/reuni\u00f3n-CGT-Mar-del-Plata-442x300.jpg 442w, https:\/\/www.elsindical.com.ar\/notas\/var\/www\/html\/notas\/wp-content\/uploads\/2017\/01\/reuni\u00f3n-CGT-Mar-del-Plata.jpg 1170w\" sizes=\"auto, (max-width: 300px) 100vw, 300px\" \/><\/a>\u00a0 La CGT decidi\u00f3 \u201cuna dura respuesta ante la inacci\u00f3n del Gobierno\u201d frente a \u201cla indolente e irresponsable pol\u00edtica de despidos y suspensiones de los empresarios\u201d. Se habla de una movilizaci\u00f3n de los gremios industriales, como antesala del paro general.<\/em><\/p>\n<p>La decisi\u00f3n de lanzar una dura respuesta por parte de la c\u00fapula gremial, estar\u00e1 precedida por el encuentro que, desde las 16 de hoy, mantendr\u00e1n en Azopardo al 800 representantes de los gremios industriales con la c\u00fapula sindical.<\/p>\n<p>\u201cEnojo, bronca, encono, malestar, y p\u00e9rdida creciente de confianza\u201d son calificativos que utilizan los jefes cegetistas para calificar la actual realidad laboral y denostar \u201cla mirada pasiva del Gobierno\u201d, y de poner en duda adem\u00e1s la continuidad de \u201cun ap\u00e1tico di\u00e1logo\u201d con patrones y funcionarios.<\/p>\n<p>Aunque la cumbre marplatense de todas las l\u00edneas del movimiento obrero -reunida el jueves pasado en el tradicional almuerzo anual convocado por el gastron\u00f3mico Luis Barrionuevo en el Hotel Presidente Per\u00f3n- no produjo definiciones concretas sobre esos escabrosos temas, el debate fue \u201criguroso y, por momentos, r\u00edspido y altisonante\u201d entre quienes apuestan a\u00fan al di\u00e1logo hasta \u201clas \u00faltimas consecuencias\u201d y quienes quieren convertirse en \u201chalcones\u201d.<\/p>\n<p>A pesar del dif\u00edcil debate que de seguro se producir\u00e1 este jueves en la primera reuni\u00f3n del a\u00f1o del consejo directivo cegetista -desde las 15-, hubo en la ciudad atl\u00e1ntica representantes gremiales que se retiraron \u201cdisconformes\u201d porque \u201ccada uno s\u00f3lo defendi\u00f3 all\u00ed su quinta, relat\u00f3 su realidad y no formul\u00f3 propuestas coherentes y abarcativas para superar la realidad\u201d.<\/p>\n<p>\u201cNadie estuvo a la altura de las circunstancias. Se esperaba mucho m\u00e1s de ese c\u00f3nclave\u201d, asegur\u00f3 a T\u00e9lam un veterano dirigente jaqueado por los despidos en su actividad, quien dijo haber regresado a Buenos Aires \u201cmuy molesto\u201d ante \u201clas indefiniciones\u201d.<\/p>\n<p>Lo concreto es que el mayor enojo atraviesa hoy las filas de los gremios industriales -sector donde despidos, suspensiones y cierres de f\u00e1brica no cesan- y, adem\u00e1s, en el que \u201cse suceden los incumplimientos firmados, como el pago del bono de fin de a\u00f1o\u201d.<\/p>\n<p>Tambi\u00e9n advierten que \u201cse lleg\u00f3 a una destrucci\u00f3n casi total del marco de confianza en el que se inici\u00f3 la relaci\u00f3n con el Gobierno y, as\u00ed, es muy dif\u00edcil que respire el di\u00e1logo social\u201d.<\/p>\n<p>Ese panorama tornar\u00e1 complicado que se produzcan avances en la Mesa de Di\u00e1logo para la Producci\u00f3n y el Trabajo: hay clima de protesta y, el jueves, la conducci\u00f3n discutir\u00e1 y analizar\u00e1 esa posibilidad. Es preciso escuchar de forma atenta la realidad de gremios como construcci\u00f3n, obras sanitarias y estatales. Mucho margen de pasividad no queda\u201d, confirm\u00f3 a esta agencia un encumbrado dirigente obrero.<\/p>\n<p>Hugo Moyano, el mandam\u00e1s camionero y ex secretario general de la CGT Azopardo -hombre de consulta obligada, al igual que Antonio Cal\u00f3 y Luis Barrionuevo- cen\u00f3 la noche previa a la cumbre marplatense con uno de los triunviros de la central sindical.<\/p>\n<p>El l\u00edder camionero escuch\u00f3 \u201ccon suma atenci\u00f3n\u201d la realidad que traz\u00f3 el dirigente -seg\u00fan los voceros gremiales que asistieron a la cumbre- y viaj\u00f3 de regreso a Buenos Aires para una reuni\u00f3n en la AFA con \u201cserios signos de preocupaci\u00f3n\u201d en su mochila.<\/p>\n<p>\u201cNo hay mucho margen para esquivar una protesta ante la cruda realidad\u201d, coincidieron varios dirigentes de gremios azotados por las decisiones patronales de suspender y cesantear.<\/p>\n<p>La CGT anunciar\u00e1 el jueves el inicio de \u201cun plan de lucha gradual, una posible protesta y marcha de gremios de la industria y un ultim\u00e1tum ante la inacci\u00f3n del Gobierno, que adquirir\u00e1 la forma de una propuesta de acci\u00f3n integral\u201d, afirmaron las fuentes a T\u00e9lam.<\/p>\n<p>Otros voceros sindicales consultados por esta agencia sostuvieron sin embargo que, de forma extra\u00f1a y sorpresiva, el anfitri\u00f3n Barrionuevo \u201cno baj\u00f3 l\u00ednea\u201d en el multitudinario encuentro superestructural, por lo que se adelantaron a asegurar que \u201cno pasar\u00e1 nada y, a lo sumo, se convocar\u00e1 a una protesta menor\u201d.<\/p>\n<p>\u201cEl gobierno de Cambiemos, luego de poco m\u00e1s de un a\u00f1o, no cambi\u00f3 nada. Muchos gremios a\u00fan no entendieron que no pueden continuar los subsidios sin perjudicar al sector privado. El pa\u00eds no tiene un mercado fuerte y, adem\u00e1s, la producci\u00f3n es cara y berreta. Ese modelo es insostenible. El movimiento obrero es decimon\u00f3nico. No hay competencia y se perdi\u00f3 la cultura del trabajo a partir de vagos y \u00f1oquis. El sindicalismo deber\u00e1 reconvertirse a largo plazo y pocos se dan a\u00fan cuenta que la Naci\u00f3n no funciona\u201d, espetaron a T\u00e9lam dirigentes ofuscados por \u201cel nivel del debate en la cumbre\u201d.<\/p>\n<p>Lo cierto es que sindicatos y Gobierno mantuvieron una buena relaci\u00f3n hasta diciembre \u00faltimo, pero los decretos de necesidad y urgencia, los anuncios de cambios en los convenios colectivos y la ultraactividad, los despidos y suspensiones, los bonos no pagados, la iniciativa de \u2018Empleo J\u00f3ven\u2019, -que s\u00f3lo expulsar\u00e1 del mercado laboral a \u201clos viejos trabajadores para flexibilizar a las nuevas camadas\u201d, seg\u00fan la CGT- y las pasant\u00edas terminaron por encender la mecha de la desconfianza, al punto de que los dirigentes gremiales se preguntan ahora sobre \u201cla real utilidad de ese di\u00e1logo\u201d.<\/p>\n<p>Adem\u00e1s, la CGT siente cada vez m\u00e1s cerca los reclamos de varias comisiones gremiales internas, que atraviesan graves conflictos, y contin\u00faa repudiando la decisi\u00f3n gubernamental de haber vetado la Ley Antidespidos para permitir luego \u201clas cesant\u00edas empresarias\u201d.<\/p>\n<p>\u201cLa CGT defender\u00e1 los convenios colectivos y los salarios. En verdad, est\u00e1 realmente hastiada del discurso del costo laboral, escuchado ya en otras \u00e9pocas. Habr\u00e1 que pintarse la cara y lanzar un plan de lucha y, quienes se opongan, deber\u00e1n fundamentarlo. Los gremios no discutir\u00e1n paritarias del 18 por ciento porque eso ser\u00eda una locura ante la incertidumbre reinante\u201d, concluyeron varios voceros e integrantes del consejo directivo cegetista.<\/p>\n","protected":false},"excerpt":{"rendered":"<p>\u00a0 La CGT decidi\u00f3 \u201cuna dura respuesta ante la inacci\u00f3n del Gobierno\u201d frente a \u201cla indolente e irresponsable pol\u00edtica de despidos y suspensiones de los empresarios\u201d. Se habla de una movilizaci\u00f3n de los gremios industriales, como antesala del paro general. La decisi\u00f3n de lanzar una dura respuesta por parte de la c\u00fapula gremial, estar\u00e1 precedida&hellip;<\/p>\n","protected":false},"author":1,"featured_media":0,"comment_status":"open","ping_status":"open","sticky":false,"template":"","format":"standard","meta":{"footnotes":""},"categories":[16],"tags":[910,53,761,1701,76,67,4798],"class_list":["post-65113","post","type-post","status-publish","format-standard","hentry","category-gremiales","tag-cgt","tag-despidos","tag-gobierno-nacional","tag-luis-barrionuevo","tag-mauricio-macri","tag-paro","tag-suspensiones"],"_links":{"self":[{"href":"https:\/\/www.elsindical.com.ar\/notas\/wp-json\/wp\/v2\/posts\/65113","targetHints":{"allow":["GET"]}}],"collection":[{"href":"https:\/\/www.elsindical.com.ar\/notas\/wp-json\/wp\/v2\/posts"}],"about":[{"href":"https:\/\/www.elsindical.com.ar\/notas\/wp-json\/wp\/v2\/types\/post"}],"author":[{"embeddable":true,"href":"https:\/\/www.elsindical.com.ar\/notas\/wp-json\/wp\/v2\/users\/1"}],"replies":[{"embeddable":true,"href":"https:\/\/www.elsindical.com.ar\/notas\/wp-json\/wp\/v2\/comments?post=65113"}],"version-history":[{"count":1,"href":"https:\/\/www.elsindical.com.ar\/notas\/wp-json\/wp\/v2\/posts\/65113\/revisions"}],"predecessor-version":[{"id":65114,"href":"https:\/\/www.elsindical.com.ar\/notas\/wp-json\/wp\/v2\/posts\/65113\/revisions\/65114"}],"wp:attachment":[{"href":"https:\/\/www.elsindical.com.ar\/notas\/wp-json\/wp\/v2\/media?parent=65113"}],"wp:term":[{"taxonomy":"category","embeddable":true,"href":"https:\/\/www.elsindical.com.ar\/notas\/wp-json\/wp\/v2\/categories?post=65113"},{"taxonomy":"post_tag","embeddable":true,"href":"https:\/\/www.elsindical.com.ar\/notas\/wp-json\/wp\/v2\/tags?post=65113"}],"curies":[{"name":"wp","href":"https:\/\/api.w.org\/{rel}","templated":true}]}}