{"id":65000,"date":"2017-01-29T13:03:30","date_gmt":"2017-01-29T16:03:30","guid":{"rendered":"http:\/\/www.elsindical.com.ar\/notas\/?p=65000"},"modified":"2017-01-29T13:03:30","modified_gmt":"2017-01-29T16:03:30","slug":"la-plata-policia-herido-al-intentar-evitar-robo-a-su-faminia","status":"publish","type":"post","link":"https:\/\/www.elsindical.com.ar\/notas\/la-plata-policia-herido-al-intentar-evitar-robo-a-su-faminia\/","title":{"rendered":"La Plata: Polic\u00eda herido al intentar evitar robo a su fami\u00f1ia"},"content":{"rendered":"<p><em><a href=\"http:\/\/www.elsindical.com.ar\/notas\/var\/www\/html\/notas\/wp-content\/uploads\/2017\/01\/Jhonny-Santos-Navia.jpg\"><img loading=\"lazy\" decoding=\"async\" class=\"alignnone size-medium wp-image-65001\" src=\"http:\/\/www.elsindical.com.ar\/notas\/var\/www\/html\/notas\/wp-content\/uploads\/2017\/01\/Jhonny-Santos-Navia-300x173.jpg\" alt=\"\" width=\"300\" height=\"173\" srcset=\"https:\/\/www.elsindical.com.ar\/notas\/var\/www\/html\/notas\/wp-content\/uploads\/2017\/01\/Jhonny-Santos-Navia-300x173.jpg 300w, https:\/\/www.elsindical.com.ar\/notas\/var\/www\/html\/notas\/wp-content\/uploads\/2017\/01\/Jhonny-Santos-Navia-500x289.jpg 500w, https:\/\/www.elsindical.com.ar\/notas\/var\/www\/html\/notas\/wp-content\/uploads\/2017\/01\/Jhonny-Santos-Navia.jpg 680w\" sizes=\"auto, (max-width: 300px) 100vw, 300px\" \/><\/a>\u00a0 Un agente de la polic\u00eda de La Plata recibi\u00f3 dos balazos mientras intentaba frustrar un robo dentro del comercio de su familia en la localidad de Melchor Romero, en el que le pegaron un brutal culatazo en la cabeza a su madre.<\/em><\/p>\n<p>El hecho se registr\u00f3 cuando el efectivo Jhonny Santos Navia (25) se encontraba en su casa ubicada en las calles 516 entre 159 y 160, en la mencionada localidad lindera a La Plata.<\/p>\n<p>Seg\u00fan indicaron las fuentes, un ladr\u00f3n se acerc\u00f3 al quiosco que la familia posee en el frente de la vivienda y le peg\u00f3 un tremendo culatazo en la cabeza a la madre de Santos Navia para que entregara la recaudaci\u00f3n del negocio.<\/p>\n<p>Tiroteo<br \/>\nUno de los hijos de la comerciante vio la secuencia y corri\u00f3 hasta la casa para avisarle a su hermano polic\u00eda, quien estaba uniformado porque a las 17 deb\u00eda presentarse al servicio.<\/p>\n<p>Los voceros se\u00f1alaron que Santos Navia, con su pistola reglamentaria, ingres\u00f3 al quiosco y se desat\u00f3 un tiroteo entre \u00e9l y el asaltante. Durante el enfrentamiento, el efectivo recibi\u00f3 dos balazos en el abdomen y qued\u00f3 tendido en el suelo, mientras que el ladr\u00f3n corri\u00f3 hacia una moto Honda Wave color rojo que estaba estacionada en la calle y escap\u00f3.<\/p>\n<p>Las fuentes detallaron que el joven fue trasladado en un auto particular al hospital Alejandro Korn, donde lleg\u00f3 en estado cr\u00edtico y los m\u00e9dicos debieron estabilizarlo antes de operarlo a la noche, tras lo cual qued\u00f3 alojado en el \u00e1rea de terapia intensiva.<\/p>\n<p>El secretario de Seguridad y Justicia platense, Dar\u00edo Ganduglia, explic\u00f3 que \u201cel oficial pas\u00f3 la noche con una leve mejor\u00eda, y de un estado cr\u00edtico pas\u00f3 a estable\u201d y que se \u201ccort\u00f3 el sangrado y baj\u00f3 la fiebre\u201d que presentaba el agente.<\/p>\n<p>Adem\u00e1s, el funcionario precis\u00f3 que los familiares de Santos Navia \u201cse hallan en el domicilio particular con contenci\u00f3n desde la unidad, el gabinete psicol\u00f3gico y sociopedag\u00f3gico municipal a su disposici\u00f3n\u201d.<\/p>\n<p>En tanto, polic\u00edas locales, del Comando de Patrullas y peritos de la Polic\u00eda Cient\u00edfica revisaron la escena en busca de balas, casquillos y otros rastros que contribuyan a la identificaci\u00f3n del asaltante. Los investigadores recuperaron nueve vainas servidas calibre 9 mil\u00edmetros que corresponder\u00edan al arma del efectivo, y otras dos de calibre 32 que habr\u00edan sido disparadas por el ladr\u00f3n.<\/p>\n<p>En la causa fue designado el fiscal Marcelo Martini, quien caratul\u00f3 el expediente como \u201cTentativa de homicidio en ocasi\u00f3n de robo\u201d y dispuso los procedimientos correspondientes para dar con el paradero del delincuente.<\/p>\n","protected":false},"excerpt":{"rendered":"<p>\u00a0 Un agente de la polic\u00eda de La Plata recibi\u00f3 dos balazos mientras intentaba frustrar un robo dentro del comercio de su familia en la localidad de Melchor Romero, en el que le pegaron un brutal culatazo en la cabeza a su madre. El hecho se registr\u00f3 cuando el efectivo Jhonny Santos Navia (25) se&hellip;<\/p>\n","protected":false},"author":1,"featured_media":0,"comment_status":"open","ping_status":"open","sticky":false,"template":"","format":"standard","meta":{"footnotes":""},"categories":[22],"tags":[25166,239,8804,116],"class_list":["post-65000","post","type-post","status-publish","format-standard","hentry","category-policiales","tag-jhony-santos-navia","tag-la-plata","tag-melchor-romero","tag-robo"],"_links":{"self":[{"href":"https:\/\/www.elsindical.com.ar\/notas\/wp-json\/wp\/v2\/posts\/65000","targetHints":{"allow":["GET"]}}],"collection":[{"href":"https:\/\/www.elsindical.com.ar\/notas\/wp-json\/wp\/v2\/posts"}],"about":[{"href":"https:\/\/www.elsindical.com.ar\/notas\/wp-json\/wp\/v2\/types\/post"}],"author":[{"embeddable":true,"href":"https:\/\/www.elsindical.com.ar\/notas\/wp-json\/wp\/v2\/users\/1"}],"replies":[{"embeddable":true,"href":"https:\/\/www.elsindical.com.ar\/notas\/wp-json\/wp\/v2\/comments?post=65000"}],"version-history":[{"count":1,"href":"https:\/\/www.elsindical.com.ar\/notas\/wp-json\/wp\/v2\/posts\/65000\/revisions"}],"predecessor-version":[{"id":65002,"href":"https:\/\/www.elsindical.com.ar\/notas\/wp-json\/wp\/v2\/posts\/65000\/revisions\/65002"}],"wp:attachment":[{"href":"https:\/\/www.elsindical.com.ar\/notas\/wp-json\/wp\/v2\/media?parent=65000"}],"wp:term":[{"taxonomy":"category","embeddable":true,"href":"https:\/\/www.elsindical.com.ar\/notas\/wp-json\/wp\/v2\/categories?post=65000"},{"taxonomy":"post_tag","embeddable":true,"href":"https:\/\/www.elsindical.com.ar\/notas\/wp-json\/wp\/v2\/tags?post=65000"}],"curies":[{"name":"wp","href":"https:\/\/api.w.org\/{rel}","templated":true}]}}