{"id":64972,"date":"2017-01-28T09:33:04","date_gmt":"2017-01-28T12:33:04","guid":{"rendered":"http:\/\/www.elsindical.com.ar\/notas\/?p=64972"},"modified":"2017-01-28T09:33:04","modified_gmt":"2017-01-28T12:33:04","slug":"llavallol-paro-por-tiempo-indeterminado-y-movilizacion-en-fabrica-canale","status":"publish","type":"post","link":"https:\/\/www.elsindical.com.ar\/notas\/llavallol-paro-por-tiempo-indeterminado-y-movilizacion-en-fabrica-canale\/","title":{"rendered":"Llavallol: Paro por tiempo indeterminado y movilizaci\u00f3n en f\u00e1brica Canale"},"content":{"rendered":"<p><em>\u00a0<a href=\"http:\/\/www.elsindical.com.ar\/notas\/var\/www\/html\/notas\/wp-content\/uploads\/2017\/01\/f\u00e1brica-Canale.jpg\"><img loading=\"lazy\" decoding=\"async\" class=\"alignnone size-medium wp-image-64973\" src=\"http:\/\/www.elsindical.com.ar\/notas\/var\/www\/html\/notas\/wp-content\/uploads\/2017\/01\/f\u00e1brica-Canale-300x225.jpg\" alt=\"\" width=\"300\" height=\"225\" srcset=\"https:\/\/www.elsindical.com.ar\/notas\/var\/www\/html\/notas\/wp-content\/uploads\/2017\/01\/f\u00e1brica-Canale-300x225.jpg 300w, https:\/\/www.elsindical.com.ar\/notas\/var\/www\/html\/notas\/wp-content\/uploads\/2017\/01\/f\u00e1brica-Canale-400x300.jpg 400w, https:\/\/www.elsindical.com.ar\/notas\/var\/www\/html\/notas\/wp-content\/uploads\/2017\/01\/f\u00e1brica-Canale.jpg 640w\" sizes=\"auto, (max-width: 300px) 100vw, 300px\" \/><\/a> La planta de trabajadores de la f\u00e1brica Canale de Llavallol se moviliz\u00f3 hacia la sede de la UOM (Uni\u00f3n Obrera Metal\u00fargica) en Avellaneda para exigirle al sindicato que convoque a un Congreso de Delegados y para que de una propuesta ante el conflicto que afecta a 150 trabajadores que hace m\u00e1s de dos meses no perciben su sueldo, no cuentan con los elementos de seguridad adecuados y una vez m\u00e1s la empresa volvi\u00f3 a incumplir el cronograma de pago.<\/em><\/p>\n<p>Alrededor de las 11 de este viernes, m\u00e1s de cincuenta trabajadores de Canale se movilizaron por las calles de Avellaneda hasta llegar a la sede del gremio (Italia 202), en donde los esperaba el secretario adjunto y referente de la UOM a nivel regional, Carlos Costello. Tras la reuni\u00f3n a puertas cerradas, se descart\u00f3 convocar a un Congreso de Delegados y se acord\u00f3 una reuni\u00f3n el lunes a la ma\u00f1ana en las oficinas de la UOM en Capital Federal junto al secretario general de Avellaneda del gremio, Paulino Leyes, y se dej\u00f3 abierta la posibilidad de que asista Antonio Cal\u00f3.<\/p>\n<p>\u201cNosotros queremos salir y sacar el conflicto a la calle de una vez por todas y que esto se resuelva para bien o para mal pero que tenga un punto final\u201d, enfatiz\u00f3 el delegado de Canale Nicol\u00e1s Macci y apunt\u00f3 que \u201cdesde la UOM insisten en que hay que priorizar el trabajo porque hay compa\u00f1eros que tienen muchos a\u00f1os de antig\u00fcedad pero se ha llegado a este punto que ya los trabajadores no saben qu\u00e9 pensar\u201d.<\/p>\n<p>A pesar de la negativa del gremio de convocar al Congreso de Delegados, Macci celebr\u00f3 \u201cla decisi\u00f3n que tomaron los compa\u00f1eros\u201d de movilizarse a la sede del sindicato al advertir que \u201cuna empresa nunca va al gremio\u201d. \u201cNos llamaron para que no vengamos, nos quisieron intimidar pero los compa\u00f1eros estuvieron firmes y eso fue importante y muy positivo para nosotros, para dar la pelea\u201d, resalt\u00f3 junto a la reuni\u00f3n del lunes en las oficinas de la UOM nacional.<\/p>\n<p>\u201cLa situaci\u00f3n es insostenible por el tiempo que hace que estamos as\u00ed y porque no se termina de dar una definici\u00f3n. Desde el a\u00f1o pasado que estamos en convocatoria de acreedores y el tema de seguir esperando es confiar en que pueda llegar a haber una soluci\u00f3n por parte de la empresa pero nada es seguro\u201d, critic\u00f3 el delegado de Canale y advirti\u00f3 que \u201cse puede ver un vaciamiento de la empresa porque intentaron llevarse las m\u00e1quinas y los trabajadores lo frenaron y se ve una reducci\u00f3n del personal\u201d.<\/p>\n<p>El conflicto se profundiza y los trabajadores de Canale apuntan a tomar las medidas de fuerzas que sean necesarias para llegar a una soluci\u00f3n. \u201cAhora estamos buscando marchar a las oficinas de la empresa en Capital y comprometimos a la seccional de Avellaneda para que acompa\u00f1e la movilizaci\u00f3n\u201d, se\u00f1al\u00f3 Macci e indic\u00f3 que el lunes habr\u00e1 definiciones de c\u00f3mo se contin\u00faa la lucha.<\/p>\n<p>Por el momento, los trabajadores se encuentran de \u201cparo por tiempo indeterminado\u201d, a lo cual, aclar\u00f3: \u201cNosotros no le queremos torcer el brazo a la seccional ni a nadie, queremos defender nuestra fuente de trabajo y garantizar la continuidad laboral. Ahora todo depende de lo que salga el lunes en la reuni\u00f3n pero el paro se levanta con plata en nuestros sueldos\u201d.<\/p>\n","protected":false},"excerpt":{"rendered":"<p>\u00a0 La planta de trabajadores de la f\u00e1brica Canale de Llavallol se moviliz\u00f3 hacia la sede de la UOM (Uni\u00f3n Obrera Metal\u00fargica) en Avellaneda para exigirle al sindicato que convoque a un Congreso de Delegados y para que de una propuesta ante el conflicto que afecta a 150 trabajadores que hace m\u00e1s de dos meses&hellip;<\/p>\n","protected":false},"author":1,"featured_media":0,"comment_status":"open","ping_status":"open","sticky":false,"template":"","format":"standard","meta":{"footnotes":""},"categories":[16],"tags":[24909,436,10050,67,1264],"class_list":["post-64972","post","type-post","status-publish","format-standard","hentry","category-gremiales","tag-canale","tag-conflicto","tag-lavallol","tag-paro","tag-uom"],"_links":{"self":[{"href":"https:\/\/www.elsindical.com.ar\/notas\/wp-json\/wp\/v2\/posts\/64972","targetHints":{"allow":["GET"]}}],"collection":[{"href":"https:\/\/www.elsindical.com.ar\/notas\/wp-json\/wp\/v2\/posts"}],"about":[{"href":"https:\/\/www.elsindical.com.ar\/notas\/wp-json\/wp\/v2\/types\/post"}],"author":[{"embeddable":true,"href":"https:\/\/www.elsindical.com.ar\/notas\/wp-json\/wp\/v2\/users\/1"}],"replies":[{"embeddable":true,"href":"https:\/\/www.elsindical.com.ar\/notas\/wp-json\/wp\/v2\/comments?post=64972"}],"version-history":[{"count":1,"href":"https:\/\/www.elsindical.com.ar\/notas\/wp-json\/wp\/v2\/posts\/64972\/revisions"}],"predecessor-version":[{"id":64974,"href":"https:\/\/www.elsindical.com.ar\/notas\/wp-json\/wp\/v2\/posts\/64972\/revisions\/64974"}],"wp:attachment":[{"href":"https:\/\/www.elsindical.com.ar\/notas\/wp-json\/wp\/v2\/media?parent=64972"}],"wp:term":[{"taxonomy":"category","embeddable":true,"href":"https:\/\/www.elsindical.com.ar\/notas\/wp-json\/wp\/v2\/categories?post=64972"},{"taxonomy":"post_tag","embeddable":true,"href":"https:\/\/www.elsindical.com.ar\/notas\/wp-json\/wp\/v2\/tags?post=64972"}],"curies":[{"name":"wp","href":"https:\/\/api.w.org\/{rel}","templated":true}]}}