{"id":64912,"date":"2017-01-25T09:50:36","date_gmt":"2017-01-25T12:50:36","guid":{"rendered":"http:\/\/www.elsindical.com.ar\/notas\/?p=64912"},"modified":"2017-01-25T09:55:32","modified_gmt":"2017-01-25T12:55:32","slug":"la-pelotas-hicieron-roquear-al-publico-en-la-trastienda-club","status":"publish","type":"post","link":"https:\/\/www.elsindical.com.ar\/notas\/la-pelotas-hicieron-roquear-al-publico-en-la-trastienda-club\/","title":{"rendered":"La Pelotas hicieron roquear al p\u00fablico en La Trastienda Club"},"content":{"rendered":"<p><em><a href=\"http:\/\/www.elsindical.com.ar\/notas\/var\/www\/html\/notas\/wp-content\/uploads\/2017\/01\/La-Trastienda-Club.jpg\"><img loading=\"lazy\" decoding=\"async\" class=\"alignnone size-medium wp-image-64915\" src=\"http:\/\/www.elsindical.com.ar\/notas\/var\/www\/html\/notas\/wp-content\/uploads\/2017\/01\/La-Trastienda-Club-300x225.jpg\" alt=\"\" width=\"300\" height=\"225\" srcset=\"https:\/\/www.elsindical.com.ar\/notas\/var\/www\/html\/notas\/wp-content\/uploads\/2017\/01\/La-Trastienda-Club-300x225.jpg 300w, https:\/\/www.elsindical.com.ar\/notas\/var\/www\/html\/notas\/wp-content\/uploads\/2017\/01\/La-Trastienda-Club-768x576.jpg 768w, https:\/\/www.elsindical.com.ar\/notas\/var\/www\/html\/notas\/wp-content\/uploads\/2017\/01\/La-Trastienda-Club-400x300.jpg 400w, https:\/\/www.elsindical.com.ar\/notas\/var\/www\/html\/notas\/wp-content\/uploads\/2017\/01\/La-Trastienda-Club.jpg 960w\" sizes=\"auto, (max-width: 300px) 100vw, 300px\" \/><\/a>El recital del martes 24 a las 21:00 hs. de Las Pelotas en el local de La Trastienda Club, estuvo a punto de cancelarse ya que alrededor de las 20:00 hs. un corte de energ\u00eda electrica en la cuadra de Balcarce al 400 dej\u00f3 a oscuras el recinto, a pesar de ello, los cientos de personas que llegaron esperaron en la puerta mientras cantaban d\u00e1ndose aliento.<\/em><\/p>\n<p>Algunos de los integrantes de la banda pasadas las 20:30 salieron a la vereda y hasta charlaron con la gente como para calmar la ansiedad de los que tem\u00edan se suspenda el recital, pero la intervenci\u00f3n de un h\u00e9roe de la noche, consigui\u00f3 que EDESUR, restableciera la energ\u00eda pasadas las 21:00 hs y todo fue alegr\u00eda.<\/p>\n<p>La gente demostr\u00f3 que esperaban volver a reunirse con la banda, desde los primeros temas todos cantaban y bailaban, incluso hubo pogo, sin dudas la banda tiene una conexi\u00f3n especial con su p\u00fablico el cual se conforma con gente de todas las edades, los cuales no se distinguen al momento de seguir la m\u00fasica.<\/p>\n<p>El cierre del recital fue con Capit\u00e1n Am\u00e9rica que desat\u00f3 la alegr\u00eda de todos los presentes.<\/p>\n<p>Sin dudas Las Pelotas son hoy una de las bandas m\u00e1s emblem\u00e1ticas a nivel local, con algo que destaco en todos sus miembros la humildad para su p\u00fablico, lo que los hace grandes.<\/p>\n<p><a href=\"http:\/\/www.elsindical.com.ar\/notas\/var\/www\/html\/notas\/wp-content\/uploads\/2017\/01\/DSC02065.gif\"><img loading=\"lazy\" decoding=\"async\" class=\"alignnone size-medium wp-image-64916\" src=\"http:\/\/www.elsindical.com.ar\/notas\/var\/www\/html\/notas\/wp-content\/uploads\/2017\/01\/DSC02065-300x225.gif\" alt=\"\" width=\"300\" height=\"225\" srcset=\"https:\/\/www.elsindical.com.ar\/notas\/var\/www\/html\/notas\/wp-content\/uploads\/2017\/01\/DSC02065-300x225.gif 300w, https:\/\/www.elsindical.com.ar\/notas\/var\/www\/html\/notas\/wp-content\/uploads\/2017\/01\/DSC02065-400x300.gif 400w\" sizes=\"auto, (max-width: 300px) 100vw, 300px\" \/><\/a> <a href=\"http:\/\/www.elsindical.com.ar\/notas\/var\/www\/html\/notas\/wp-content\/uploads\/2017\/01\/Las-Pelotas-La-Trastienda-01.jpg\"><img loading=\"lazy\" decoding=\"async\" class=\"alignnone size-medium wp-image-64914\" src=\"http:\/\/www.elsindical.com.ar\/notas\/var\/www\/html\/notas\/wp-content\/uploads\/2017\/01\/Las-Pelotas-La-Trastienda-01-300x201.jpg\" alt=\"\" width=\"300\" height=\"201\" srcset=\"https:\/\/www.elsindical.com.ar\/notas\/var\/www\/html\/notas\/wp-content\/uploads\/2017\/01\/Las-Pelotas-La-Trastienda-01-300x201.jpg 300w, https:\/\/www.elsindical.com.ar\/notas\/var\/www\/html\/notas\/wp-content\/uploads\/2017\/01\/Las-Pelotas-La-Trastienda-01-768x514.jpg 768w, https:\/\/www.elsindical.com.ar\/notas\/var\/www\/html\/notas\/wp-content\/uploads\/2017\/01\/Las-Pelotas-La-Trastienda-01-449x300.jpg 449w, https:\/\/www.elsindical.com.ar\/notas\/var\/www\/html\/notas\/wp-content\/uploads\/2017\/01\/Las-Pelotas-La-Trastienda-01.jpg 960w\" sizes=\"auto, (max-width: 300px) 100vw, 300px\" \/><\/a> <a href=\"http:\/\/www.elsindical.com.ar\/notas\/var\/www\/html\/notas\/wp-content\/uploads\/2017\/01\/Las-Pelotas-La-Trastienda-02.jpg\"><img loading=\"lazy\" decoding=\"async\" class=\"alignnone size-medium wp-image-64913\" src=\"http:\/\/www.elsindical.com.ar\/notas\/var\/www\/html\/notas\/wp-content\/uploads\/2017\/01\/Las-Pelotas-La-Trastienda-02-300x201.jpg\" alt=\"\" width=\"300\" height=\"201\" srcset=\"https:\/\/www.elsindical.com.ar\/notas\/var\/www\/html\/notas\/wp-content\/uploads\/2017\/01\/Las-Pelotas-La-Trastienda-02-300x201.jpg 300w, https:\/\/www.elsindical.com.ar\/notas\/var\/www\/html\/notas\/wp-content\/uploads\/2017\/01\/Las-Pelotas-La-Trastienda-02-768x514.jpg 768w, https:\/\/www.elsindical.com.ar\/notas\/var\/www\/html\/notas\/wp-content\/uploads\/2017\/01\/Las-Pelotas-La-Trastienda-02-449x300.jpg 449w, https:\/\/www.elsindical.com.ar\/notas\/var\/www\/html\/notas\/wp-content\/uploads\/2017\/01\/Las-Pelotas-La-Trastienda-02.jpg 960w\" sizes=\"auto, (max-width: 300px) 100vw, 300px\" \/><\/a><\/p>\n<p><iframe loading=\"lazy\" src=\"https:\/\/player.vimeo.com\/video\/200928519\" width=\"640\" height=\"360\" frameborder=\"0\" allowfullscreen=\"allowfullscreen\"><\/iframe><\/p>\n<p><a href=\"https:\/\/vimeo.com\/200928519\">Capit\u00e1n Am\u00e9rica- Las Pelotas<\/a> from <a href=\"https:\/\/vimeo.com\/hawrylciw\">Marcelo Ricardo Hawrylciw<\/a> on <a href=\"https:\/\/vimeo.com\">Vimeo<\/a>.<\/p>\n<p>&nbsp;<\/p>\n<p><em><strong>Por Marcelo Ricardo Hawrylciw<\/strong><\/em><\/p>\n","protected":false},"excerpt":{"rendered":"<p>El recital del martes 24 a las 21:00 hs. de Las Pelotas en el local de La Trastienda Club, estuvo a punto de cancelarse ya que alrededor de las 20:00 hs. un corte de energ\u00eda electrica en la cuadra de Balcarce al 400 dej\u00f3 a oscuras el recinto, a pesar de ello, los cientos de&hellip;<\/p>\n","protected":false},"author":1,"featured_media":0,"comment_status":"open","ping_status":"open","sticky":false,"template":"","format":"standard","meta":{"footnotes":""},"categories":[15],"tags":[25155,17306,2246,719],"class_list":["post-64912","post","type-post","status-publish","format-standard","hentry","category-espectaculos","tag-la-trastienda-club","tag-las-pelotas","tag-publico","tag-recital"],"_links":{"self":[{"href":"https:\/\/www.elsindical.com.ar\/notas\/wp-json\/wp\/v2\/posts\/64912","targetHints":{"allow":["GET"]}}],"collection":[{"href":"https:\/\/www.elsindical.com.ar\/notas\/wp-json\/wp\/v2\/posts"}],"about":[{"href":"https:\/\/www.elsindical.com.ar\/notas\/wp-json\/wp\/v2\/types\/post"}],"author":[{"embeddable":true,"href":"https:\/\/www.elsindical.com.ar\/notas\/wp-json\/wp\/v2\/users\/1"}],"replies":[{"embeddable":true,"href":"https:\/\/www.elsindical.com.ar\/notas\/wp-json\/wp\/v2\/comments?post=64912"}],"version-history":[{"count":2,"href":"https:\/\/www.elsindical.com.ar\/notas\/wp-json\/wp\/v2\/posts\/64912\/revisions"}],"predecessor-version":[{"id":64918,"href":"https:\/\/www.elsindical.com.ar\/notas\/wp-json\/wp\/v2\/posts\/64912\/revisions\/64918"}],"wp:attachment":[{"href":"https:\/\/www.elsindical.com.ar\/notas\/wp-json\/wp\/v2\/media?parent=64912"}],"wp:term":[{"taxonomy":"category","embeddable":true,"href":"https:\/\/www.elsindical.com.ar\/notas\/wp-json\/wp\/v2\/categories?post=64912"},{"taxonomy":"post_tag","embeddable":true,"href":"https:\/\/www.elsindical.com.ar\/notas\/wp-json\/wp\/v2\/tags?post=64912"}],"curies":[{"name":"wp","href":"https:\/\/api.w.org\/{rel}","templated":true}]}}