{"id":64909,"date":"2017-01-25T09:20:31","date_gmt":"2017-01-25T12:20:31","guid":{"rendered":"http:\/\/www.elsindical.com.ar\/notas\/?p=64909"},"modified":"2017-01-25T09:20:31","modified_gmt":"2017-01-25T12:20:31","slug":"canuelas-hallan-calcinado-al-empresario-que-estaba-desaparecido","status":"publish","type":"post","link":"https:\/\/www.elsindical.com.ar\/notas\/canuelas-hallan-calcinado-al-empresario-que-estaba-desaparecido\/","title":{"rendered":"Ca\u00f1uelas: hallan calcinado al empresario que estaba desaparecido"},"content":{"rendered":"<p><em><a href=\"http:\/\/www.elsindical.com.ar\/notas\/var\/www\/html\/notas\/wp-content\/uploads\/2017\/01\/empresario-asesinado-Caballito.jpg\"><img loading=\"lazy\" decoding=\"async\" class=\"alignnone size-medium wp-image-64910\" src=\"http:\/\/www.elsindical.com.ar\/notas\/var\/www\/html\/notas\/wp-content\/uploads\/2017\/01\/empresario-asesinado-Caballito-300x168.jpg\" alt=\"\" width=\"300\" height=\"168\" srcset=\"https:\/\/www.elsindical.com.ar\/notas\/var\/www\/html\/notas\/wp-content\/uploads\/2017\/01\/empresario-asesinado-Caballito-300x168.jpg 300w, https:\/\/www.elsindical.com.ar\/notas\/var\/www\/html\/notas\/wp-content\/uploads\/2017\/01\/empresario-asesinado-Caballito-768x430.jpg 768w, https:\/\/www.elsindical.com.ar\/notas\/var\/www\/html\/notas\/wp-content\/uploads\/2017\/01\/empresario-asesinado-Caballito-1024x573.jpg 1024w, https:\/\/www.elsindical.com.ar\/notas\/var\/www\/html\/notas\/wp-content\/uploads\/2017\/01\/empresario-asesinado-Caballito-500x280.jpg 500w, https:\/\/www.elsindical.com.ar\/notas\/var\/www\/html\/notas\/wp-content\/uploads\/2017\/01\/empresario-asesinado-Caballito.jpg 1170w\" sizes=\"auto, (max-width: 300px) 100vw, 300px\" \/><\/a>\u00a0 Su familia identific\u00f3 el cuerpo por un rosario que llevaba el hombre antes de desaparecer. Por el hecho hay dos detenidos: su yerno y un mec\u00e1nico. Su auto hab\u00eda aparecido incendiado en Almirante Brown.<\/em><\/p>\n<p>La familia del empresario Roberto Fern\u00e1ndez que estaba desaparecido desde el pasado s\u00e1bado reconoci\u00f3 el cuerpo que fue encontrado calcinado en Ca\u00f1uelas.<\/p>\n<p>Trascendi\u00f3 que la familia lo habr\u00eda reconocido por un rosario que llevaba puesto el hombre.<\/p>\n<p>Seg\u00fan confirmaron fuentes policiales, el cad\u00e1ver apareci\u00f3 calcinado dentro de una bolsa.<\/p>\n<p>El empresario de la construcci\u00f3n estaba siendo buscado desde el pasado s\u00e1bado y estelunes la Polic\u00eda de la Ciudad detuvo al yerno del hombre y a un m\u00e9canico, ya que a ambos quedaron registrados en las c\u00e1maras de seguridad del edificio en el que vive Fern\u00e1ndez.<\/p>\n","protected":false},"excerpt":{"rendered":"<p>\u00a0 Su familia identific\u00f3 el cuerpo por un rosario que llevaba el hombre antes de desaparecer. Por el hecho hay dos detenidos: su yerno y un mec\u00e1nico. Su auto hab\u00eda aparecido incendiado en Almirante Brown. La familia del empresario Roberto Fern\u00e1ndez que estaba desaparecido desde el pasado s\u00e1bado reconoci\u00f3 el cuerpo que fue encontrado calcinado&hellip;<\/p>\n","protected":false},"author":1,"featured_media":0,"comment_status":"open","ping_status":"open","sticky":false,"template":"","format":"standard","meta":{"footnotes":""},"categories":[22],"tags":[39,2409,944,10034],"class_list":["post-64909","post","type-post","status-publish","format-standard","hentry","category-policiales","tag-asesinado","tag-cadaver","tag-empresario","tag-yerno"],"_links":{"self":[{"href":"https:\/\/www.elsindical.com.ar\/notas\/wp-json\/wp\/v2\/posts\/64909","targetHints":{"allow":["GET"]}}],"collection":[{"href":"https:\/\/www.elsindical.com.ar\/notas\/wp-json\/wp\/v2\/posts"}],"about":[{"href":"https:\/\/www.elsindical.com.ar\/notas\/wp-json\/wp\/v2\/types\/post"}],"author":[{"embeddable":true,"href":"https:\/\/www.elsindical.com.ar\/notas\/wp-json\/wp\/v2\/users\/1"}],"replies":[{"embeddable":true,"href":"https:\/\/www.elsindical.com.ar\/notas\/wp-json\/wp\/v2\/comments?post=64909"}],"version-history":[{"count":1,"href":"https:\/\/www.elsindical.com.ar\/notas\/wp-json\/wp\/v2\/posts\/64909\/revisions"}],"predecessor-version":[{"id":64911,"href":"https:\/\/www.elsindical.com.ar\/notas\/wp-json\/wp\/v2\/posts\/64909\/revisions\/64911"}],"wp:attachment":[{"href":"https:\/\/www.elsindical.com.ar\/notas\/wp-json\/wp\/v2\/media?parent=64909"}],"wp:term":[{"taxonomy":"category","embeddable":true,"href":"https:\/\/www.elsindical.com.ar\/notas\/wp-json\/wp\/v2\/categories?post=64909"},{"taxonomy":"post_tag","embeddable":true,"href":"https:\/\/www.elsindical.com.ar\/notas\/wp-json\/wp\/v2\/tags?post=64909"}],"curies":[{"name":"wp","href":"https:\/\/api.w.org\/{rel}","templated":true}]}}