{"id":64906,"date":"2017-01-25T09:05:03","date_gmt":"2017-01-25T12:05:03","guid":{"rendered":"http:\/\/www.elsindical.com.ar\/notas\/?p=64906"},"modified":"2017-01-25T09:05:03","modified_gmt":"2017-01-25T12:05:03","slug":"la-plata-ordenan-liberar-a-ocho-comisarios-presos-por-coimas","status":"publish","type":"post","link":"https:\/\/www.elsindical.com.ar\/notas\/la-plata-ordenan-liberar-a-ocho-comisarios-presos-por-coimas\/","title":{"rendered":"La Plata: Ordenan liberar a ocho Comisarios presos por coimas"},"content":{"rendered":"<p><em>\u00a0 <a href=\"http:\/\/www.elsindical.com.ar\/notas\/var\/www\/html\/notas\/wp-content\/uploads\/2017\/01\/marcha-apoyo-polic\u00edas-detenidos-en-La-Plata.jpg\"><img loading=\"lazy\" decoding=\"async\" class=\"alignnone size-medium wp-image-64907\" src=\"http:\/\/www.elsindical.com.ar\/notas\/var\/www\/html\/notas\/wp-content\/uploads\/2017\/01\/marcha-apoyo-polic\u00edas-detenidos-en-La-Plata-300x157.jpg\" alt=\"\" width=\"300\" height=\"157\" srcset=\"https:\/\/www.elsindical.com.ar\/notas\/var\/www\/html\/notas\/wp-content\/uploads\/2017\/01\/marcha-apoyo-polic\u00edas-detenidos-en-La-Plata-300x157.jpg 300w, https:\/\/www.elsindical.com.ar\/notas\/var\/www\/html\/notas\/wp-content\/uploads\/2017\/01\/marcha-apoyo-polic\u00edas-detenidos-en-La-Plata-500x262.jpg 500w, https:\/\/www.elsindical.com.ar\/notas\/var\/www\/html\/notas\/wp-content\/uploads\/2017\/01\/marcha-apoyo-polic\u00edas-detenidos-en-La-Plata.jpg 680w\" sizes=\"auto, (max-width: 300px) 100vw, 300px\" \/><\/a>El grupo fue detenido en el marco de la causa por sobres de dinero hallados en la Jefetura Departamental de la Plata. La resoluci\u00f3n fue confirmada por el abogado defensor de tres oficiales y resuelta por la Sala V de Casaci\u00f3n que hizo lugar a un recurso de habeas corpus.<\/em><\/p>\n<p>El Tribunal de Casaci\u00f3n Penal bonaerense orden\u00f3 este martes liberar a los ocho Comisarios de la Polic\u00eda Bonaerense presos en el marco de la causa por los sobres con dinero de presuntas coimas hallados en la Jefatura Departamental de La Plata.<\/p>\n<p>La resoluci\u00f3n, confirmada por el abogado defensor de tres Comisarios, Daniel Mazzochini, fue resuelta en las \u00faltimas horas por la Sala V de Casaci\u00f3n, que hizo lugar a un recurso de Habeas Corpus pidiendo la libertad de un grupo de detenidos, entre ellos Federico Jurado, quien fue hallado muerto la semana pasada dentro de su celda.<\/p>\n<p>La medida beneficia a Ra\u00fal Frare, Sebasti\u00e1n Vel\u00e1zquez y Julio S\u00e1enz, ex titulares de las Comisar\u00edas 12da., 2da. y 6ta., respectivamente y a Sebasti\u00e1n Cuenca (3ra. de Los Hornos), el ex jefe de la Departamental La Plata Dar\u00edo Camerini, su ex secretario Walter Skramowskyj, el ex Jefe de Operaciones Ariel Huck y el ex segundo jefe de la departamental Rodolfo Carballo.<\/p>\n","protected":false},"excerpt":{"rendered":"<p>\u00a0 El grupo fue detenido en el marco de la causa por sobres de dinero hallados en la Jefetura Departamental de la Plata. La resoluci\u00f3n fue confirmada por el abogado defensor de tres oficiales y resuelta por la Sala V de Casaci\u00f3n que hizo lugar a un recurso de habeas corpus. El Tribunal de Casaci\u00f3n&hellip;<\/p>\n","protected":false},"author":1,"featured_media":0,"comment_status":"open","ping_status":"open","sticky":false,"template":"","format":"standard","meta":{"footnotes":""},"categories":[20],"tags":[4631,622,6316,5523,1684],"class_list":["post-64906","post","type-post","status-publish","format-standard","hentry","category-judiciales","tag-casacion-penal","tag-coimas","tag-comisarios","tag-habeas-corpus","tag-libertad"],"_links":{"self":[{"href":"https:\/\/www.elsindical.com.ar\/notas\/wp-json\/wp\/v2\/posts\/64906","targetHints":{"allow":["GET"]}}],"collection":[{"href":"https:\/\/www.elsindical.com.ar\/notas\/wp-json\/wp\/v2\/posts"}],"about":[{"href":"https:\/\/www.elsindical.com.ar\/notas\/wp-json\/wp\/v2\/types\/post"}],"author":[{"embeddable":true,"href":"https:\/\/www.elsindical.com.ar\/notas\/wp-json\/wp\/v2\/users\/1"}],"replies":[{"embeddable":true,"href":"https:\/\/www.elsindical.com.ar\/notas\/wp-json\/wp\/v2\/comments?post=64906"}],"version-history":[{"count":1,"href":"https:\/\/www.elsindical.com.ar\/notas\/wp-json\/wp\/v2\/posts\/64906\/revisions"}],"predecessor-version":[{"id":64908,"href":"https:\/\/www.elsindical.com.ar\/notas\/wp-json\/wp\/v2\/posts\/64906\/revisions\/64908"}],"wp:attachment":[{"href":"https:\/\/www.elsindical.com.ar\/notas\/wp-json\/wp\/v2\/media?parent=64906"}],"wp:term":[{"taxonomy":"category","embeddable":true,"href":"https:\/\/www.elsindical.com.ar\/notas\/wp-json\/wp\/v2\/categories?post=64906"},{"taxonomy":"post_tag","embeddable":true,"href":"https:\/\/www.elsindical.com.ar\/notas\/wp-json\/wp\/v2\/tags?post=64906"}],"curies":[{"name":"wp","href":"https:\/\/api.w.org\/{rel}","templated":true}]}}