{"id":64894,"date":"2017-01-24T08:43:45","date_gmt":"2017-01-24T11:43:45","guid":{"rendered":"http:\/\/www.elsindical.com.ar\/notas\/?p=64894"},"modified":"2017-01-24T08:43:45","modified_gmt":"2017-01-24T11:43:45","slug":"lecheros-advierten-sobre-la-crisis-de-sancor-y-temen-su-cierre-en-el-corto-plazo","status":"publish","type":"post","link":"https:\/\/www.elsindical.com.ar\/notas\/lecheros-advierten-sobre-la-crisis-de-sancor-y-temen-su-cierre-en-el-corto-plazo\/","title":{"rendered":"Lecheros advierten sobre la crisis de SanCor y temen su cierre en el corto plazo"},"content":{"rendered":"<p><em>\u00a0 <a href=\"http:\/\/www.elsindical.com.ar\/notas\/var\/www\/html\/notas\/wp-content\/uploads\/2017\/01\/Cooperativa-SANCOR.jpg\"><img loading=\"lazy\" decoding=\"async\" class=\"alignnone size-medium wp-image-64895\" src=\"http:\/\/www.elsindical.com.ar\/notas\/var\/www\/html\/notas\/wp-content\/uploads\/2017\/01\/Cooperativa-SANCOR-300x158.jpg\" alt=\"\" width=\"300\" height=\"158\" srcset=\"https:\/\/www.elsindical.com.ar\/notas\/var\/www\/html\/notas\/wp-content\/uploads\/2017\/01\/Cooperativa-SANCOR-300x158.jpg 300w, https:\/\/www.elsindical.com.ar\/notas\/var\/www\/html\/notas\/wp-content\/uploads\/2017\/01\/Cooperativa-SANCOR-500x264.jpg 500w, https:\/\/www.elsindical.com.ar\/notas\/var\/www\/html\/notas\/wp-content\/uploads\/2017\/01\/Cooperativa-SANCOR.jpg 644w\" sizes=\"auto, (max-width: 300px) 100vw, 300px\" \/><\/a>En una dur\u00edsima carta, la Asociaci\u00f3n de Trabajadores de la Industria Lechera (Atilra) advierte que SanCor \u201ctiene muy seriamente comprometida su continuidad en el corto plazo\u201d. Es la segunda firma en relevancia en el mercado y ocupa a 4 mil personas.<\/em><\/p>\n<p>El Secretario General de Atilra, H\u00e9ctor Ponce, le envi\u00f3 una carta al presidente de la cooperativa l\u00e1ctea SanCor, Gustavo Ferrero, donde reitera la preocupaci\u00f3n que el sindicato tiene respecto del futuro de la empresa. Se trata de la firma m\u00e1s importante por tradici\u00f3n de la industria en Argentina, hoy todav\u00eda la segunda en relevancia por peso espec\u00edfico.<\/p>\n<p>\u201cLa mala o incorrecta utilizaci\u00f3n de los recursos y\/o herramientas de los que dispon\u00eda la empresa para lograr su sustentabilidad, hicieron que para financiar los desajustes presupuestarios la Cooperativa debiera desprenderse de algunos de los activos m\u00e1s importantes de su portfolio de negocios. El \u00faltimo, el negocio de los productos frescos\u201d, afirma Ponce en el texto.<\/p>\n<p>Seg\u00fan los datos que maneja el gremio, SanCor \u201ctiene muy seriamente comprometida su continuidad en el corto plazo\u201d. Y a su vez Ponce le exige que se revele la verdadera situaci\u00f3n de la empresa y se exponga con claridad cu\u00e1l es el plan y los fundamentos t\u00e9cnicos para sacarla adelante.<\/p>\n<p>Atilra y los trabajadores de SanCor, que son m\u00e1s de 4 mil en todo el pa\u00eds, han relegaron en estos tiempos el cobro en t\u00e9rmino de los salarios y los aportes y contribuciones, destaca Ponce en la carta.<\/p>\n<p>El gremio adem\u00e1s acompa\u00f1\u00f3 a la cooperativa en sus gestiones ante el Estado, en los distintos ministerios y reparticiones a los que acudi\u00f3 a pedir ayuda.<\/p>\n<p>\u201cSe lo manifiesto con respeto: creo que la actual conducci\u00f3n de SanCor no ha estado a la altura de las circunstancias\u201d, afirma el secretario gremial.<\/p>\n<p>Por \u00faltimo, el sindicato lechero exige \u201cque se revele la verdadera situaci\u00f3n de la empresa y se exponga con claridad cu\u00e1l es el plan y los fundamentos t\u00e9cnicos para sacarla adelante\u201d. Y remata: \u201cNuestra obligaci\u00f3n es defender la fuente de trabajo de los compa\u00f1eros y bregar por una actividad que contenga a todos los actores\u201d.<\/p>\n","protected":false},"excerpt":{"rendered":"<p>\u00a0 En una dur\u00edsima carta, la Asociaci\u00f3n de Trabajadores de la Industria Lechera (Atilra) advierte que SanCor \u201ctiene muy seriamente comprometida su continuidad en el corto plazo\u201d. Es la segunda firma en relevancia en el mercado y ocupa a 4 mil personas. El Secretario General de Atilra, H\u00e9ctor Ponce, le envi\u00f3 una carta al presidente&hellip;<\/p>\n","protected":false},"author":1,"featured_media":0,"comment_status":"open","ping_status":"open","sticky":false,"template":"","format":"standard","meta":{"footnotes":""},"categories":[16],"tags":[5404,390,439,5403],"class_list":["post-64894","post","type-post","status-publish","format-standard","hentry","category-gremiales","tag-atilra","tag-crisis","tag-empresa","tag-sancor"],"_links":{"self":[{"href":"https:\/\/www.elsindical.com.ar\/notas\/wp-json\/wp\/v2\/posts\/64894","targetHints":{"allow":["GET"]}}],"collection":[{"href":"https:\/\/www.elsindical.com.ar\/notas\/wp-json\/wp\/v2\/posts"}],"about":[{"href":"https:\/\/www.elsindical.com.ar\/notas\/wp-json\/wp\/v2\/types\/post"}],"author":[{"embeddable":true,"href":"https:\/\/www.elsindical.com.ar\/notas\/wp-json\/wp\/v2\/users\/1"}],"replies":[{"embeddable":true,"href":"https:\/\/www.elsindical.com.ar\/notas\/wp-json\/wp\/v2\/comments?post=64894"}],"version-history":[{"count":1,"href":"https:\/\/www.elsindical.com.ar\/notas\/wp-json\/wp\/v2\/posts\/64894\/revisions"}],"predecessor-version":[{"id":64896,"href":"https:\/\/www.elsindical.com.ar\/notas\/wp-json\/wp\/v2\/posts\/64894\/revisions\/64896"}],"wp:attachment":[{"href":"https:\/\/www.elsindical.com.ar\/notas\/wp-json\/wp\/v2\/media?parent=64894"}],"wp:term":[{"taxonomy":"category","embeddable":true,"href":"https:\/\/www.elsindical.com.ar\/notas\/wp-json\/wp\/v2\/categories?post=64894"},{"taxonomy":"post_tag","embeddable":true,"href":"https:\/\/www.elsindical.com.ar\/notas\/wp-json\/wp\/v2\/tags?post=64894"}],"curies":[{"name":"wp","href":"https:\/\/api.w.org\/{rel}","templated":true}]}}