{"id":64814,"date":"2017-01-21T12:42:17","date_gmt":"2017-01-21T15:42:17","guid":{"rendered":"http:\/\/www.elsindical.com.ar\/notas\/?p=64814"},"modified":"2017-01-21T12:42:17","modified_gmt":"2017-01-21T15:42:17","slug":"rosario-descubren-trabajo-infantil-en-plantacion-de-arandanos","status":"publish","type":"post","link":"https:\/\/www.elsindical.com.ar\/notas\/rosario-descubren-trabajo-infantil-en-plantacion-de-arandanos\/","title":{"rendered":"Rosario: Descubren trabajo infantil en plantaci\u00f3n de ar\u00e1ndanos"},"content":{"rendered":"<p><em>\u00a0<a href=\"http:\/\/www.elsindical.com.ar\/notas\/var\/www\/html\/notas\/wp-content\/uploads\/2017\/01\/trabajo-infantil-ar\u00e1ndanos.jpg\"><img loading=\"lazy\" decoding=\"async\" class=\"alignnone size-medium wp-image-64815\" src=\"http:\/\/www.elsindical.com.ar\/notas\/var\/www\/html\/notas\/wp-content\/uploads\/2017\/01\/trabajo-infantil-ar\u00e1ndanos-300x158.jpg\" alt=\"\" width=\"300\" height=\"158\" srcset=\"https:\/\/www.elsindical.com.ar\/notas\/var\/www\/html\/notas\/wp-content\/uploads\/2017\/01\/trabajo-infantil-ar\u00e1ndanos-300x158.jpg 300w, https:\/\/www.elsindical.com.ar\/notas\/var\/www\/html\/notas\/wp-content\/uploads\/2017\/01\/trabajo-infantil-ar\u00e1ndanos-500x263.jpg 500w, https:\/\/www.elsindical.com.ar\/notas\/var\/www\/html\/notas\/wp-content\/uploads\/2017\/01\/trabajo-infantil-ar\u00e1ndanos.jpg 680w\" sizes=\"auto, (max-width: 300px) 100vw, 300px\" \/><\/a> Siete menores de entre 12 y 15 a\u00f1os y otras 25 personas fueron halladas en condiciones precarias de trabajo en Santa Teresa, 120 kms al suroeste de Rosario. Esto se produce luego de que en 2016 se superara la exportaci\u00f3n de esta fruta en un 60%, respecto de 2015.<\/em><\/p>\n<p>El Ministerio de Trabajo santafesino detect\u00f3 a siete menores de edad, de entre 12 y 15 a\u00f1os, que realizaban trabajo infantil, y a otras 25 personas en condiciones precarias, en un campo de producci\u00f3n de ar\u00e1ndanos en Santa Teresa, 120 kil\u00f3metros al suroeste de Rosario.<\/p>\n<p>El secretario de Trabajo y Seguridad Social de Santa Fe, Leonardo Panozzo, se\u00f1al\u00f3 que \u201ccomo consecuencia de las irregularidades detectadas, se present\u00f3 la denuncia contra el empleador ante el Ministerio P\u00fablico de la Acusaci\u00f3n de Rosario, para que se determine si se est\u00e1 en presencia de un delito\u201d.<\/p>\n<p>El funcionario sostuvo que \u201ceste tipo de pr\u00e1cticas ocurre con la cosecha de estos cultivos, porque se requiere de una recolecci\u00f3n manual cuidadosa y por eso especialmente se trata de buscar menores\u201d de edad.<\/p>\n<p>En la localidad de Labordeboy en el departamento General L\u00f3pez, las autoridades detectaron un campamento habitado por 48 peones rurales, tra\u00eddos a mediados de diciembre para la desflora del ma\u00edz, quienes cumpl\u00edan jornadas laborales de m\u00e1s de 12 horas, y hab\u00eda una deuda salarial y horas extras impagas, informaron las autoridades del ministerio de Trabajo, que agreg\u00f3 que la empresa responsable abon\u00f3 lo adeudado.<\/p>\n<p>En 2016, Un informe del Ministerio de Transporte de la Naci\u00f3n indic\u00f3 que las exportaciones de ar\u00e1ndanos alcanzaron las 5.411 toneladas durante la \u00faltima campa\u00f1a y superaron as\u00ed en un 60% el total de las ventas externas de 2015.<\/p>\n","protected":false},"excerpt":{"rendered":"<p>\u00a0 Siete menores de entre 12 y 15 a\u00f1os y otras 25 personas fueron halladas en condiciones precarias de trabajo en Santa Teresa, 120 kms al suroeste de Rosario. Esto se produce luego de que en 2016 se superara la exportaci\u00f3n de esta fruta en un 60%, respecto de 2015. El Ministerio de Trabajo santafesino&hellip;<\/p>\n","protected":false},"author":1,"featured_media":0,"comment_status":"open","ping_status":"open","sticky":false,"template":"","format":"standard","meta":{"footnotes":""},"categories":[22],"tags":[25136,25137,2208,25135],"class_list":["post-64814","post","type-post","status-publish","format-standard","hentry","category-policiales","tag-leonardo-panozzo","tag-ministerio-de-transporte-de-la-nacion","tag-rosario","tag-santa-teresa"],"_links":{"self":[{"href":"https:\/\/www.elsindical.com.ar\/notas\/wp-json\/wp\/v2\/posts\/64814","targetHints":{"allow":["GET"]}}],"collection":[{"href":"https:\/\/www.elsindical.com.ar\/notas\/wp-json\/wp\/v2\/posts"}],"about":[{"href":"https:\/\/www.elsindical.com.ar\/notas\/wp-json\/wp\/v2\/types\/post"}],"author":[{"embeddable":true,"href":"https:\/\/www.elsindical.com.ar\/notas\/wp-json\/wp\/v2\/users\/1"}],"replies":[{"embeddable":true,"href":"https:\/\/www.elsindical.com.ar\/notas\/wp-json\/wp\/v2\/comments?post=64814"}],"version-history":[{"count":1,"href":"https:\/\/www.elsindical.com.ar\/notas\/wp-json\/wp\/v2\/posts\/64814\/revisions"}],"predecessor-version":[{"id":64816,"href":"https:\/\/www.elsindical.com.ar\/notas\/wp-json\/wp\/v2\/posts\/64814\/revisions\/64816"}],"wp:attachment":[{"href":"https:\/\/www.elsindical.com.ar\/notas\/wp-json\/wp\/v2\/media?parent=64814"}],"wp:term":[{"taxonomy":"category","embeddable":true,"href":"https:\/\/www.elsindical.com.ar\/notas\/wp-json\/wp\/v2\/categories?post=64814"},{"taxonomy":"post_tag","embeddable":true,"href":"https:\/\/www.elsindical.com.ar\/notas\/wp-json\/wp\/v2\/tags?post=64814"}],"curies":[{"name":"wp","href":"https:\/\/api.w.org\/{rel}","templated":true}]}}