{"id":64798,"date":"2017-01-20T11:34:02","date_gmt":"2017-01-20T14:34:02","guid":{"rendered":"http:\/\/www.elsindical.com.ar\/notas\/?p=64798"},"modified":"2017-01-20T12:09:00","modified_gmt":"2017-01-20T15:09:00","slug":"vicente-lopez-borrachos-corrian-picada-chocaron-y-provocaron-una-muerte","status":"publish","type":"post","link":"https:\/\/www.elsindical.com.ar\/notas\/vicente-lopez-borrachos-corrian-picada-chocaron-y-provocaron-una-muerte\/","title":{"rendered":"Vicente L\u00f3pez: Borrachos corr\u00edan picada, chocaron y provocaron una muerte"},"content":{"rendered":"<p><em><a href=\"http:\/\/www.elsindical.com.ar\/notas\/var\/www\/html\/notas\/wp-content\/uploads\/2017\/01\/picada-mortal-Vicente-L\u00f3pez.jpg\"><img loading=\"lazy\" decoding=\"async\" class=\"alignnone size-medium wp-image-64799\" src=\"http:\/\/www.elsindical.com.ar\/notas\/var\/www\/html\/notas\/wp-content\/uploads\/2017\/01\/picada-mortal-Vicente-L\u00f3pez-300x158.jpg\" alt=\"\" width=\"300\" height=\"158\" srcset=\"https:\/\/www.elsindical.com.ar\/notas\/var\/www\/html\/notas\/wp-content\/uploads\/2017\/01\/picada-mortal-Vicente-L\u00f3pez-300x158.jpg 300w, https:\/\/www.elsindical.com.ar\/notas\/var\/www\/html\/notas\/wp-content\/uploads\/2017\/01\/picada-mortal-Vicente-L\u00f3pez-500x263.jpg 500w, https:\/\/www.elsindical.com.ar\/notas\/var\/www\/html\/notas\/wp-content\/uploads\/2017\/01\/picada-mortal-Vicente-L\u00f3pez.jpg 680w\" sizes=\"auto, (max-width: 300px) 100vw, 300px\" \/><\/a>\u00a0 Dos j\u00f3venes alcoholizados iban a gran velocidad por la avenida Maip\u00fa en ese partido bonaerense y colisionaron con un auto que se encontraba detenido. Una de las ocupantes del veh\u00edculo impactado muri\u00f3 y la otra se encuentra en grave estado.<\/em><\/p>\n<p>Una mujer muri\u00f3 hoy y otra sufri\u00f3 graves heridas cuando el auto en el que se movilizaban fue embestido por otro conducido por un joven alcoholizado que circulaba a alta velocidad porque, seg\u00fan testigos, corr\u00eda picadas con otro, cuyo conductor tambi\u00e9n fue detenido, informaron fuentes policiales.<\/p>\n<p>El episodio se registr\u00f3 esta madrugada en avenida Maip\u00fa y Haedo, en la mano que va hacia Capital, donde <strong>Silvia Cabrera<\/strong> (57) y <strong>Rosa Pedercino<\/strong> (57) se encontraban a bordo de un Chevrolet Agile, detenidas en un sem\u00e1foro a la espera de continuar circulando.<\/p>\n<p>En esas circunstancias, el veh\u00edculo en el que estaban las mujeres fue embestido violentamente por una Volkswagen Suran que, seg\u00fan dijeron testigos a la polic\u00eda, se trasladaba a unos 140 kil\u00f3metros por hora porque corr\u00eda una picada con un Honda Civic.<\/p>\n<p>A ra\u00edz del impacto, la conductora del Chevrolet, Cabrera, muri\u00f3 en el acto, mientras que su acompa\u00f1ante sufri\u00f3 graves heridas y fue trasladada al hospital de Vicente L\u00f3pez, donde permanece internada, a\u00f1adieron las fuentes.<\/p>\n<p>En tanto, efectivos de la seccional segunda de Vicente L\u00f3pez tomaron intervenci\u00f3n en la escena del hecho y detuvieron al conductor de la Suran, un joven de 27 a\u00f1os, quien al ser sometido al test de alcoholemia arroj\u00f3 que presentaba un alto nivel de alcohol en sangre.<\/p>\n<p>Adem\u00e1s, fue detenido el conductor del Honda, tambi\u00e9n de 27 a\u00f1os, quien tambi\u00e9n estaba alcoholizado, a\u00f1adieron las fuentes.<\/p>\n<p>Ambos apresados quedaron a disposici\u00f3n del fiscal de Vicente L\u00f3pez Alejandro Guevara, quien dispuso una serie de diligencias en el marco de la causa.<\/p>\n<p>Entre las medidas incorporadas a la causa, las fuentes dijeron que se tom\u00f3 testimonio a una mujer que presenci\u00f3 el hecho, quien asegur\u00f3 que los conductores de la Suran y del Honda, junto con un tercer auto blanco, corr\u00edan una picada por la avenida Maip\u00fa hacia capital y que en ese momento el primero choc\u00f3 al Chervolet de las v\u00edctimas, cuando aguardaba en un sem\u00e1foro.<\/p>\n<p><a href=\"http:\/\/www.elsindical.com.ar\/notas\/var\/www\/html\/notas\/wp-content\/uploads\/2017\/01\/picada-mortal-Vicente-L\u00f3pez-2.jpg\"><img loading=\"lazy\" decoding=\"async\" class=\"alignnone size-medium wp-image-64807\" src=\"http:\/\/www.elsindical.com.ar\/notas\/var\/www\/html\/notas\/wp-content\/uploads\/2017\/01\/picada-mortal-Vicente-L\u00f3pez-2-300x168.jpg\" alt=\"\" width=\"300\" height=\"168\" srcset=\"https:\/\/www.elsindical.com.ar\/notas\/var\/www\/html\/notas\/wp-content\/uploads\/2017\/01\/picada-mortal-Vicente-L\u00f3pez-2-300x168.jpg 300w, https:\/\/www.elsindical.com.ar\/notas\/var\/www\/html\/notas\/wp-content\/uploads\/2017\/01\/picada-mortal-Vicente-L\u00f3pez-2-768x430.jpg 768w, https:\/\/www.elsindical.com.ar\/notas\/var\/www\/html\/notas\/wp-content\/uploads\/2017\/01\/picada-mortal-Vicente-L\u00f3pez-2-1024x573.jpg 1024w, https:\/\/www.elsindical.com.ar\/notas\/var\/www\/html\/notas\/wp-content\/uploads\/2017\/01\/picada-mortal-Vicente-L\u00f3pez-2-500x280.jpg 500w, https:\/\/www.elsindical.com.ar\/notas\/var\/www\/html\/notas\/wp-content\/uploads\/2017\/01\/picada-mortal-Vicente-L\u00f3pez-2.jpg 1170w\" sizes=\"auto, (max-width: 300px) 100vw, 300px\" \/><\/a><\/p>\n","protected":false},"excerpt":{"rendered":"<p>\u00a0 Dos j\u00f3venes alcoholizados iban a gran velocidad por la avenida Maip\u00fa en ese partido bonaerense y colisionaron con un auto que se encontraba detenido. Una de las ocupantes del veh\u00edculo impactado muri\u00f3 y la otra se encuentra en grave estado. Una mujer muri\u00f3 hoy y otra sufri\u00f3 graves heridas cuando el auto en el&hellip;<\/p>\n","protected":false},"author":1,"featured_media":0,"comment_status":"open","ping_status":"open","sticky":false,"template":"","format":"standard","meta":{"footnotes":""},"categories":[22],"tags":[1747,2424,5345,3188],"class_list":["post-64798","post","type-post","status-publish","format-standard","hentry","category-policiales","tag-borrachos","tag-maipu","tag-picadas","tag-vicente-lopez"],"_links":{"self":[{"href":"https:\/\/www.elsindical.com.ar\/notas\/wp-json\/wp\/v2\/posts\/64798","targetHints":{"allow":["GET"]}}],"collection":[{"href":"https:\/\/www.elsindical.com.ar\/notas\/wp-json\/wp\/v2\/posts"}],"about":[{"href":"https:\/\/www.elsindical.com.ar\/notas\/wp-json\/wp\/v2\/types\/post"}],"author":[{"embeddable":true,"href":"https:\/\/www.elsindical.com.ar\/notas\/wp-json\/wp\/v2\/users\/1"}],"replies":[{"embeddable":true,"href":"https:\/\/www.elsindical.com.ar\/notas\/wp-json\/wp\/v2\/comments?post=64798"}],"version-history":[{"count":3,"href":"https:\/\/www.elsindical.com.ar\/notas\/wp-json\/wp\/v2\/posts\/64798\/revisions"}],"predecessor-version":[{"id":64808,"href":"https:\/\/www.elsindical.com.ar\/notas\/wp-json\/wp\/v2\/posts\/64798\/revisions\/64808"}],"wp:attachment":[{"href":"https:\/\/www.elsindical.com.ar\/notas\/wp-json\/wp\/v2\/media?parent=64798"}],"wp:term":[{"taxonomy":"category","embeddable":true,"href":"https:\/\/www.elsindical.com.ar\/notas\/wp-json\/wp\/v2\/categories?post=64798"},{"taxonomy":"post_tag","embeddable":true,"href":"https:\/\/www.elsindical.com.ar\/notas\/wp-json\/wp\/v2\/tags?post=64798"}],"curies":[{"name":"wp","href":"https:\/\/api.w.org\/{rel}","templated":true}]}}