{"id":64789,"date":"2017-01-19T13:55:32","date_gmt":"2017-01-19T16:55:32","guid":{"rendered":"http:\/\/www.elsindical.com.ar\/notas\/?p=64789"},"modified":"2017-01-19T13:59:05","modified_gmt":"2017-01-19T16:59:05","slug":"discutio-con-su-esposa-y-cuando-llego-la-policia-se-mato-de-un-tiro","status":"publish","type":"post","link":"https:\/\/www.elsindical.com.ar\/notas\/discutio-con-su-esposa-y-cuando-llego-la-policia-se-mato-de-un-tiro\/","title":{"rendered":"Caballito: Discuti\u00f3 con su esposa y cuando lleg\u00f3 la polic\u00eda se mat\u00f3 de un tiro"},"content":{"rendered":"<p><em>\u00a0 <a href=\"http:\/\/www.elsindical.com.ar\/notas\/var\/www\/html\/notas\/wp-content\/uploads\/2017\/01\/suicidio-Caballito.jpg\"><img loading=\"lazy\" decoding=\"async\" class=\"alignnone size-medium wp-image-64790\" src=\"http:\/\/www.elsindical.com.ar\/notas\/var\/www\/html\/notas\/wp-content\/uploads\/2017\/01\/suicidio-Caballito-300x158.jpg\" alt=\"\" width=\"300\" height=\"158\" srcset=\"https:\/\/www.elsindical.com.ar\/notas\/var\/www\/html\/notas\/wp-content\/uploads\/2017\/01\/suicidio-Caballito-300x158.jpg 300w, https:\/\/www.elsindical.com.ar\/notas\/var\/www\/html\/notas\/wp-content\/uploads\/2017\/01\/suicidio-Caballito-500x263.jpg 500w, https:\/\/www.elsindical.com.ar\/notas\/var\/www\/html\/notas\/wp-content\/uploads\/2017\/01\/suicidio-Caballito.jpg 680w\" sizes=\"auto, (max-width: 300px) 100vw, 300px\" \/><\/a>La dram\u00e1tica situaci\u00f3n ocurri\u00f3 en el barrio porte\u00f1o de Caballito, luego de una violenta discusi\u00f3n que culmin\u00f3 cuando el hombre se suicid\u00f3 de un disparo en la boca. Antes de quitarse la vida, se persign\u00f3 ante los efectivos que se acercaban para detenerlo.<\/em><\/p>\n<p>Un hombre de 61 a\u00f1os se mat\u00f3 de un tiro en la boca adentro de su auto Mercedes Benz cuando la polic\u00eda fue a buscarlo luego de que su esposa llamara al 911 para pedir auxilio en medio de una violenta discusi\u00f3n en su departamento del barrio porte\u00f1o de Caballito, informaron este fuentes policiales.<\/p>\n<p>El episodio se registr\u00f3 en la noche del \u00faltimo mi\u00e9rcoles cuando un m\u00f3vil de la Polic\u00eda de la Ciudad fue enviado al cruce de avenida Jos\u00e9 Mar\u00eda Moreno y Valle alertado por la presencia de un hombre armado en el lugar.<\/p>\n<p>Al llegar, los efectivos encontraron en la vereda a una mujer muy nerviosa que les indic\u00f3 que su esposo estaba armado abordo de su auto Mercedes Benz estacionado a unos metros.<\/p>\n<p>Cuando los polic\u00edas se acercaron al auto vieron que el hombre se persign\u00f3, se coloc\u00f3 el ca\u00f1o de un arma en la boca y se dispar\u00f3.<\/p>\n<p>La polic\u00eda llam\u00f3 de inmediato al SAME, aunque cuando los m\u00e9dicos llegaron al lugar el hombre ya hab\u00eda muerto.<\/p>\n<p>La mujer del fallecido, identificado por la polic\u00eda como Juan Adolfo Motrone, relat\u00f3 a los pesquisas que instantes antes hab\u00eda mantenido una violenta discusi\u00f3n con su esposo en su departamento situado en avenida Jos\u00e9 Mar\u00eda Moreno 507 y que por tal motivo llam\u00f3 al 911.<\/p>\n<p>Al enterarse del llamado a la polic\u00eda, el hombre se dirigi\u00f3 a su auto con su arma y se mat\u00f3.<\/p>\n<p>Por orden de la fiscal\u00eda de Instrucci\u00f3n 31, que interviene en la causa, la polic\u00eda secuestr\u00f3 en el lugar un rev\u00f3lver calibre 357 con cinco cartuchos y una vaina percutada y el Mercedes Benz, que ser\u00e1n sometidos a los peritajes de rigor.<\/p>\n","protected":false},"excerpt":{"rendered":"<p>\u00a0 La dram\u00e1tica situaci\u00f3n ocurri\u00f3 en el barrio porte\u00f1o de Caballito, luego de una violenta discusi\u00f3n que culmin\u00f3 cuando el hombre se suicid\u00f3 de un disparo en la boca. Antes de quitarse la vida, se persign\u00f3 ante los efectivos que se acercaban para detenerlo. Un hombre de 61 a\u00f1os se mat\u00f3 de un tiro en&hellip;<\/p>\n","protected":false},"author":1,"featured_media":0,"comment_status":"open","ping_status":"open","sticky":false,"template":"","format":"standard","meta":{"footnotes":""},"categories":[22],"tags":[400,25133,572],"class_list":["post-64789","post","type-post","status-publish","format-standard","hentry","category-policiales","tag-caballito","tag-mercedes-benz","tag-violencia-de-genero"],"_links":{"self":[{"href":"https:\/\/www.elsindical.com.ar\/notas\/wp-json\/wp\/v2\/posts\/64789","targetHints":{"allow":["GET"]}}],"collection":[{"href":"https:\/\/www.elsindical.com.ar\/notas\/wp-json\/wp\/v2\/posts"}],"about":[{"href":"https:\/\/www.elsindical.com.ar\/notas\/wp-json\/wp\/v2\/types\/post"}],"author":[{"embeddable":true,"href":"https:\/\/www.elsindical.com.ar\/notas\/wp-json\/wp\/v2\/users\/1"}],"replies":[{"embeddable":true,"href":"https:\/\/www.elsindical.com.ar\/notas\/wp-json\/wp\/v2\/comments?post=64789"}],"version-history":[{"count":2,"href":"https:\/\/www.elsindical.com.ar\/notas\/wp-json\/wp\/v2\/posts\/64789\/revisions"}],"predecessor-version":[{"id":64792,"href":"https:\/\/www.elsindical.com.ar\/notas\/wp-json\/wp\/v2\/posts\/64789\/revisions\/64792"}],"wp:attachment":[{"href":"https:\/\/www.elsindical.com.ar\/notas\/wp-json\/wp\/v2\/media?parent=64789"}],"wp:term":[{"taxonomy":"category","embeddable":true,"href":"https:\/\/www.elsindical.com.ar\/notas\/wp-json\/wp\/v2\/categories?post=64789"},{"taxonomy":"post_tag","embeddable":true,"href":"https:\/\/www.elsindical.com.ar\/notas\/wp-json\/wp\/v2\/tags?post=64789"}],"curies":[{"name":"wp","href":"https:\/\/api.w.org\/{rel}","templated":true}]}}