{"id":64732,"date":"2017-01-18T16:27:30","date_gmt":"2017-01-18T19:27:30","guid":{"rendered":"http:\/\/www.elsindical.com.ar\/notas\/?p=64732"},"modified":"2017-01-18T16:27:30","modified_gmt":"2017-01-18T19:27:30","slug":"macri-reducira-los-feriados-por-decreto-como-quedaria-el-nuevo-esquema","status":"publish","type":"post","link":"https:\/\/www.elsindical.com.ar\/notas\/macri-reducira-los-feriados-por-decreto-como-quedaria-el-nuevo-esquema\/","title":{"rendered":"Macri reducir\u00e1 los feriados por decreto: c\u00f3mo quedar\u00eda el nuevo esquema"},"content":{"rendered":"<p><em><span class=\"text description col-xs-8 col-lg-9\">\u00a0 <a href=\"http:\/\/www.elsindical.com.ar\/notas\/var\/www\/html\/notas\/wp-content\/uploads\/2017\/01\/feriados-2017.jpg\"><img loading=\"lazy\" decoding=\"async\" class=\"alignnone size-medium wp-image-64733\" src=\"http:\/\/www.elsindical.com.ar\/notas\/var\/www\/html\/notas\/wp-content\/uploads\/2017\/01\/feriados-2017-300x168.jpg\" alt=\"\" width=\"300\" height=\"168\" srcset=\"https:\/\/www.elsindical.com.ar\/notas\/var\/www\/html\/notas\/wp-content\/uploads\/2017\/01\/feriados-2017-300x168.jpg 300w, https:\/\/www.elsindical.com.ar\/notas\/var\/www\/html\/notas\/wp-content\/uploads\/2017\/01\/feriados-2017-768x430.jpg 768w, https:\/\/www.elsindical.com.ar\/notas\/var\/www\/html\/notas\/wp-content\/uploads\/2017\/01\/feriados-2017-1024x573.jpg 1024w, https:\/\/www.elsindical.com.ar\/notas\/var\/www\/html\/notas\/wp-content\/uploads\/2017\/01\/feriados-2017-500x280.jpg 500w, https:\/\/www.elsindical.com.ar\/notas\/var\/www\/html\/notas\/wp-content\/uploads\/2017\/01\/feriados-2017.jpg 1170w\" sizes=\"auto, (max-width: 300px) 100vw, 300px\" \/><\/a>El Presidente quiere erradicar los fines de semana extra largos y aspira a que queden solo 17 feriados por a\u00f1o.<\/span><\/em><\/p>\n<p>\u00abNo fue buena para el pa\u00eds ni para el turismo\u00bb, hab\u00eda dicho en sus primeros meses de Gobierno el presidente Mauricio Macri. Se refer\u00eda de esta manera a los \u00abferiados puentes\u00bb y es por eso que ahora busca eliminarlos y reformular el esquema de feriados para que solo sean 16 al a\u00f1o.<\/p>\n<p><strong>Domingo 1\u00b0 de enero:<\/strong>\u00a0A\u00f1o Nuevo<\/p>\n<div class=\"row\">\n<div class=\" col-md-offset-1 col-md-10 col-xs-12 col-print-12\">\n<div class=\"teads-inread\"><strong>Lunes 27 de febrero y martes 28 de febrero<\/strong>:\u00a0feriados de carnaval<\/div>\n<\/div>\n<\/div>\n<div class=\"row\">\n<div class=\" col-md-offset-1 col-md-10 col-xs-12 col-print-12\">\n<p class=\"element element-paragraph\"><strong>Viernes 24 de marzo:\u00a0<\/strong>D\u00eda Nacional de la Memoria por la Verdad y la Justicia<\/p>\n<\/div>\n<\/div>\n<div class=\"row\">\n<div class=\" col-md-offset-1 col-md-10 col-xs-12 col-print-12\">\n<p class=\"element element-paragraph\"><strong>Domingo 2 de abril:<\/strong>\u00a0D\u00eda del Veterano y de los Ca\u00eddos en la Guerra de Malvinas<\/p>\n<\/div>\n<\/div>\n<div class=\"row\">\n<div class=\" col-md-offset-1 col-md-10 col-xs-12 col-print-12\">\n<p class=\"element element-paragraph\"><strong>Jueves 13 de abril:<\/strong>\u00a0Jueves Santo (d\u00eda no laborable)<\/p>\n<\/div>\n<\/div>\n<div class=\"row\">\n<div class=\" col-md-offset-1 col-md-10 col-xs-12 col-print-12\">\n<p class=\"element element-paragraph\"><strong>Viernes 14 de abril:<\/strong>\u00a0Viernes Santo<\/p>\n<\/div>\n<\/div>\n<div class=\"row\">\n<div class=\" col-md-offset-1 col-md-10 col-xs-12 col-print-12\">\n<p class=\"element element-paragraph\"><strong>Lunes 1\u00b0 de mayo:<\/strong>\u00a0D\u00eda del Trabajador<\/p>\n<\/div>\n<\/div>\n<div class=\"row\">\n<div class=\" col-md-offset-1 col-md-10 col-xs-12 col-print-12\">\n<p class=\"element element-paragraph\"><strong>Jueves 25 de mayo:<\/strong>\u00a0D\u00eda de la Revoluci\u00f3n de Mayo<\/p>\n<\/div>\n<\/div>\n<div class=\"row\">\n<div class=\" col-md-offset-1 col-md-10 col-xs-12 col-print-12\">\n<p class=\"element element-paragraph\"><strong>S\u00e1bado 17 de junio:<\/strong>\u00a0Paso a la inmortalidad del General Mart\u00edn de G\u00fcemes<\/p>\n<\/div>\n<\/div>\n<div class=\"row\">\n<div class=\" col-md-offset-1 col-md-10 col-xs-12 col-print-12\">\n<p class=\"element element-paragraph\"><strong>Martes 20 de junio:<\/strong>\u00a0D\u00eda de la Bandera \/\/ Paso a la inmortalidad del General Manuel Belgrano<\/p>\n<\/div>\n<\/div>\n<div class=\"row\">\n<div class=\" col-md-offset-1 col-md-10 col-xs-12 col-print-12\">\n<p class=\"element element-paragraph\"><strong>Domingo 9 de julio:<\/strong>\u00a0D\u00eda de la Independencia<\/p>\n<\/div>\n<\/div>\n<div class=\"row\">\n<div class=\" col-md-offset-1 col-md-10 col-xs-12 col-print-12\">\n<p class=\"element element-paragraph\"><strong>Jueves 17 de agosto se mueve al Lunes 21 de agosto<\/strong>:\u00a0Paso a la Inmortalidad del General San Mart\u00edn.<\/p>\n<\/div>\n<\/div>\n<div class=\"row\">\n<div class=\" col-md-offset-1 col-md-10 col-xs-12 col-print-12\">\n<p class=\"element element-paragraph\"><strong>Jueves 12 de octubre se mueve al Lunes 9 de octubre<\/strong>:\u00a0D\u00eda del Respeto por la Diversidad Cultural.<\/p>\n<\/div>\n<\/div>\n<div class=\"row\">\n<div class=\" col-md-offset-1 col-md-10 col-xs-12 col-print-12\">\n<p class=\"element element-paragraph\"><strong>Lunes 20 de noviembre<\/strong>:\u00a0D\u00eda de la Soberan\u00eda Nacional<\/p>\n<\/div>\n<\/div>\n<div class=\"row\">\n<div class=\" col-md-offset-1 col-md-10 col-xs-12 col-print-12\">\n<p class=\"element element-paragraph\"><strong>Viernes 8 de diciembre:<\/strong>\u00a0D\u00eda de la Virgen<\/p>\n<\/div>\n<\/div>\n<div class=\"row\">\n<div class=\" col-md-offset-1 col-md-10 col-xs-12 col-print-12\">\n<p class=\"element element-paragraph\"><strong>Lunes 25 de diciembre:<\/strong>\u00a0Navidad<\/p>\n<\/div>\n<\/div>\n","protected":false},"excerpt":{"rendered":"<p>\u00a0 El Presidente quiere erradicar los fines de semana extra largos y aspira a que queden solo 17 feriados por a\u00f1o. \u00abNo fue buena para el pa\u00eds ni para el turismo\u00bb, hab\u00eda dicho en sus primeros meses de Gobierno el presidente Mauricio Macri. Se refer\u00eda de esta manera a los \u00abferiados puentes\u00bb y es por&hellip;<\/p>\n","protected":false},"author":1,"featured_media":0,"comment_status":"open","ping_status":"open","sticky":false,"template":"","format":"standard","meta":{"footnotes":""},"categories":[13],"tags":[1523,25119,76],"class_list":["post-64732","post","type-post","status-publish","format-standard","hentry","category-politica","tag-decreto","tag-feriados","tag-mauricio-macri"],"_links":{"self":[{"href":"https:\/\/www.elsindical.com.ar\/notas\/wp-json\/wp\/v2\/posts\/64732","targetHints":{"allow":["GET"]}}],"collection":[{"href":"https:\/\/www.elsindical.com.ar\/notas\/wp-json\/wp\/v2\/posts"}],"about":[{"href":"https:\/\/www.elsindical.com.ar\/notas\/wp-json\/wp\/v2\/types\/post"}],"author":[{"embeddable":true,"href":"https:\/\/www.elsindical.com.ar\/notas\/wp-json\/wp\/v2\/users\/1"}],"replies":[{"embeddable":true,"href":"https:\/\/www.elsindical.com.ar\/notas\/wp-json\/wp\/v2\/comments?post=64732"}],"version-history":[{"count":1,"href":"https:\/\/www.elsindical.com.ar\/notas\/wp-json\/wp\/v2\/posts\/64732\/revisions"}],"predecessor-version":[{"id":64734,"href":"https:\/\/www.elsindical.com.ar\/notas\/wp-json\/wp\/v2\/posts\/64732\/revisions\/64734"}],"wp:attachment":[{"href":"https:\/\/www.elsindical.com.ar\/notas\/wp-json\/wp\/v2\/media?parent=64732"}],"wp:term":[{"taxonomy":"category","embeddable":true,"href":"https:\/\/www.elsindical.com.ar\/notas\/wp-json\/wp\/v2\/categories?post=64732"},{"taxonomy":"post_tag","embeddable":true,"href":"https:\/\/www.elsindical.com.ar\/notas\/wp-json\/wp\/v2\/tags?post=64732"}],"curies":[{"name":"wp","href":"https:\/\/api.w.org\/{rel}","templated":true}]}}