{"id":64714,"date":"2017-01-17T11:54:01","date_gmt":"2017-01-17T14:54:01","guid":{"rendered":"http:\/\/www.elsindical.com.ar\/notas\/?p=64714"},"modified":"2017-01-17T11:54:01","modified_gmt":"2017-01-17T14:54:01","slug":"primer-encuentro-territorial-de-mujeres-lomenses","status":"publish","type":"post","link":"https:\/\/www.elsindical.com.ar\/notas\/primer-encuentro-territorial-de-mujeres-lomenses\/","title":{"rendered":"Primer Encuentro Territorial de Mujeres Lomenses"},"content":{"rendered":"<p><a href=\"http:\/\/www.elsindical.com.ar\/notas\/var\/www\/html\/notas\/wp-content\/uploads\/2017\/01\/Mumala.jpg\"><img loading=\"lazy\" decoding=\"async\" class=\"alignnone size-medium wp-image-64715\" src=\"http:\/\/www.elsindical.com.ar\/notas\/var\/www\/html\/notas\/wp-content\/uploads\/2017\/01\/Mumala-300x181.jpg\" alt=\"\" width=\"300\" height=\"181\" srcset=\"https:\/\/www.elsindical.com.ar\/notas\/var\/www\/html\/notas\/wp-content\/uploads\/2017\/01\/Mumala-300x181.jpg 300w, https:\/\/www.elsindical.com.ar\/notas\/var\/www\/html\/notas\/wp-content\/uploads\/2017\/01\/Mumala-768x462.jpg 768w, https:\/\/www.elsindical.com.ar\/notas\/var\/www\/html\/notas\/wp-content\/uploads\/2017\/01\/Mumala-498x300.jpg 498w, https:\/\/www.elsindical.com.ar\/notas\/var\/www\/html\/notas\/wp-content\/uploads\/2017\/01\/Mumala.jpg 960w\" sizes=\"auto, (max-width: 300px) 100vw, 300px\" \/><\/a>Este s\u00e1bado 21 de enero distintas organizaciones feministas y mujeres independientes de la zona sur realizaremos el Primer Encuentro Territorial de Mujeres Lomenses en Alsina 1557 de 15 a 20 hs.<\/p>\n<p>Distintas organizaciones feministas realizaremos este s\u00e1bado 21 de enero el Primer Encuentro Territorial de Mujeres Lomenses con la finalidad de organizar un plan de lucha en los barrios de Lomas de Zamora para paliar las problem\u00e1ticas de g\u00e9nero e ineficiencias del Estado.<\/p>\n<p>En el Encuentro se abordaran distintas problem\u00e1ticas que nos atraviesan a las mujeres por el hecho de serlo y los ejes a abordar ser\u00e1n: Feminismo; Mi cuerpo y Violencias. Adem\u00e1s contaremos con una feria autogestiva y m\u00fasica.<\/p>\n<p>Organizan y convocan:<br \/>\n* Defensor\u00edas de G\u00e9nero<br \/>\n* Agitaciones contra el Acoso Callejero<br \/>\n* Enredadas Mujeres Migrantes<br \/>\n* Campa\u00f1a Nacional por el Derecho al Aborto Legal, Seguro y Gratuito- Zona Sur<br \/>\n* Nosotres Humanistas<br \/>\n* Conurbano por la Diversidad<br \/>\n* MuMaLa Lomas de Zamora<\/p>\n","protected":false},"excerpt":{"rendered":"<p>Este s\u00e1bado 21 de enero distintas organizaciones feministas y mujeres independientes de la zona sur realizaremos el Primer Encuentro Territorial de Mujeres Lomenses en Alsina 1557 de 15 a 20 hs. Distintas organizaciones feministas realizaremos este s\u00e1bado 21 de enero el Primer Encuentro Territorial de Mujeres Lomenses con la finalidad de organizar un plan de&hellip;<\/p>\n","protected":false},"author":1,"featured_media":0,"comment_status":"open","ping_status":"open","sticky":false,"template":"","format":"standard","meta":{"footnotes":""},"categories":[8],"tags":[744,18254,572],"class_list":["post-64714","post","type-post","status-publish","format-standard","hentry","category-derechos-humanos","tag-lomas-de-zamora","tag-mumala","tag-violencia-de-genero"],"_links":{"self":[{"href":"https:\/\/www.elsindical.com.ar\/notas\/wp-json\/wp\/v2\/posts\/64714","targetHints":{"allow":["GET"]}}],"collection":[{"href":"https:\/\/www.elsindical.com.ar\/notas\/wp-json\/wp\/v2\/posts"}],"about":[{"href":"https:\/\/www.elsindical.com.ar\/notas\/wp-json\/wp\/v2\/types\/post"}],"author":[{"embeddable":true,"href":"https:\/\/www.elsindical.com.ar\/notas\/wp-json\/wp\/v2\/users\/1"}],"replies":[{"embeddable":true,"href":"https:\/\/www.elsindical.com.ar\/notas\/wp-json\/wp\/v2\/comments?post=64714"}],"version-history":[{"count":1,"href":"https:\/\/www.elsindical.com.ar\/notas\/wp-json\/wp\/v2\/posts\/64714\/revisions"}],"predecessor-version":[{"id":64717,"href":"https:\/\/www.elsindical.com.ar\/notas\/wp-json\/wp\/v2\/posts\/64714\/revisions\/64717"}],"wp:attachment":[{"href":"https:\/\/www.elsindical.com.ar\/notas\/wp-json\/wp\/v2\/media?parent=64714"}],"wp:term":[{"taxonomy":"category","embeddable":true,"href":"https:\/\/www.elsindical.com.ar\/notas\/wp-json\/wp\/v2\/categories?post=64714"},{"taxonomy":"post_tag","embeddable":true,"href":"https:\/\/www.elsindical.com.ar\/notas\/wp-json\/wp\/v2\/tags?post=64714"}],"curies":[{"name":"wp","href":"https:\/\/api.w.org\/{rel}","templated":true}]}}