{"id":64694,"date":"2017-01-16T07:34:04","date_gmt":"2017-01-16T10:34:04","guid":{"rendered":"http:\/\/www.elsindical.com.ar\/notas\/?p=64694"},"modified":"2017-01-16T07:34:04","modified_gmt":"2017-01-16T10:34:04","slug":"franco-macri-califica-a-su-hijo-mauricio-con-un-5-como-presidente","status":"publish","type":"post","link":"https:\/\/www.elsindical.com.ar\/notas\/franco-macri-califica-a-su-hijo-mauricio-con-un-5-como-presidente\/","title":{"rendered":"Franco Macri califica a su hijo Mauricio con un 5 como presidente"},"content":{"rendered":"<p><a href=\"http:\/\/www.elsindical.com.ar\/notas\/var\/www\/html\/notas\/wp-content\/uploads\/2017\/01\/Franco-Macri.jpg\"><img loading=\"lazy\" decoding=\"async\" class=\"alignnone size-medium wp-image-64695\" src=\"http:\/\/www.elsindical.com.ar\/notas\/var\/www\/html\/notas\/wp-content\/uploads\/2017\/01\/Franco-Macri-300x187.jpg\" alt=\"\" width=\"300\" height=\"187\" srcset=\"https:\/\/www.elsindical.com.ar\/notas\/var\/www\/html\/notas\/wp-content\/uploads\/2017\/01\/Franco-Macri-300x187.jpg 300w, https:\/\/www.elsindical.com.ar\/notas\/var\/www\/html\/notas\/wp-content\/uploads\/2017\/01\/Franco-Macri-768x480.jpg 768w, https:\/\/www.elsindical.com.ar\/notas\/var\/www\/html\/notas\/wp-content\/uploads\/2017\/01\/Franco-Macri-1024x640.jpg 1024w, https:\/\/www.elsindical.com.ar\/notas\/var\/www\/html\/notas\/wp-content\/uploads\/2017\/01\/Franco-Macri-480x300.jpg 480w, https:\/\/www.elsindical.com.ar\/notas\/var\/www\/html\/notas\/wp-content\/uploads\/2017\/01\/Franco-Macri.jpg 1170w\" sizes=\"auto, (max-width: 300px) 100vw, 300px\" \/><\/a><em> Es la puntuaci\u00f3n de un padre exigente a su hijo Presidente de la Naci\u00f3n y est\u00e1 referida a su gesti\u00f3n 2016. El mandatario hab\u00eda sido m\u00e1s generoso cuando se evalu\u00f3.<\/em><\/p>\n<p>El empresario Franco Macri, padre del presidente Mauricio Macri, sorprendi\u00f3 al calificar la gesti\u00f3n de su hijo en 2016 con cinco puntos, y explic\u00f3 que no le otorg\u00f3 mayor puntaje porque hubo que \u00abarreglar lo hecho por gobiernos terribles, desde Menem a los K\u00bb.<\/p>\n<p>\u00abEl primer a\u00f1o m\u00e1s no se pod\u00eda hacer. No ha podido empezar construyendo, sino arreglando lo hecho por gobiernos terribles, desde Menem a los K. Con esa salvedad, le pongo un cinco. Pero s\u00e9 que ha querido ir por m\u00e1s\u00bb, se\u00f1al\u00f3 en una entrevista publicada este domingo en el diario La Naci\u00f3n.<\/p>\n<p>El hombre de negocios opin\u00f3 que, como padre, su consejo a Mauricio es que no aspire a una reelecci\u00f3n dado que \u00abcuatro a\u00f1os son suficientes\u00bb para darse por hecho, con la satisfacci\u00f3n del \u00abdeber cumplido\u00bb.<\/p>\n<p>En este sentido, desliz\u00f3 que la l\u00edder de la Coalici\u00f3n C\u00edvica, Elisa Carri\u00f3, podr\u00eda ser una potencial sucesora, tras considerar que es \u00abfant\u00e1stica\u00bb y un \u00abfaro para el pa\u00eds\u00bb.<\/p>\n<p>En otro orden, cuestion\u00f3 las apreciaciones pol\u00edticas del Papa Francisco, con quien por varios a\u00f1os lo un\u00eda una relaci\u00f3n de amistad.<\/p>\n","protected":false},"excerpt":{"rendered":"<p>Es la puntuaci\u00f3n de un padre exigente a su hijo Presidente de la Naci\u00f3n y est\u00e1 referida a su gesti\u00f3n 2016. El mandatario hab\u00eda sido m\u00e1s generoso cuando se evalu\u00f3. El empresario Franco Macri, padre del presidente Mauricio Macri, sorprendi\u00f3 al calificar la gesti\u00f3n de su hijo en 2016 con cinco puntos, y explic\u00f3 que&hellip;<\/p>\n","protected":false},"author":1,"featured_media":0,"comment_status":"open","ping_status":"open","sticky":false,"template":"","format":"standard","meta":{"footnotes":""},"categories":[13],"tags":[780,944,924,76,547],"class_list":["post-64694","post","type-post","status-publish","format-standard","hentry","category-politica","tag-elisa-carrio","tag-empresario","tag-franco-macri","tag-mauricio-macri","tag-presidente"],"_links":{"self":[{"href":"https:\/\/www.elsindical.com.ar\/notas\/wp-json\/wp\/v2\/posts\/64694","targetHints":{"allow":["GET"]}}],"collection":[{"href":"https:\/\/www.elsindical.com.ar\/notas\/wp-json\/wp\/v2\/posts"}],"about":[{"href":"https:\/\/www.elsindical.com.ar\/notas\/wp-json\/wp\/v2\/types\/post"}],"author":[{"embeddable":true,"href":"https:\/\/www.elsindical.com.ar\/notas\/wp-json\/wp\/v2\/users\/1"}],"replies":[{"embeddable":true,"href":"https:\/\/www.elsindical.com.ar\/notas\/wp-json\/wp\/v2\/comments?post=64694"}],"version-history":[{"count":1,"href":"https:\/\/www.elsindical.com.ar\/notas\/wp-json\/wp\/v2\/posts\/64694\/revisions"}],"predecessor-version":[{"id":64696,"href":"https:\/\/www.elsindical.com.ar\/notas\/wp-json\/wp\/v2\/posts\/64694\/revisions\/64696"}],"wp:attachment":[{"href":"https:\/\/www.elsindical.com.ar\/notas\/wp-json\/wp\/v2\/media?parent=64694"}],"wp:term":[{"taxonomy":"category","embeddable":true,"href":"https:\/\/www.elsindical.com.ar\/notas\/wp-json\/wp\/v2\/categories?post=64694"},{"taxonomy":"post_tag","embeddable":true,"href":"https:\/\/www.elsindical.com.ar\/notas\/wp-json\/wp\/v2\/tags?post=64694"}],"curies":[{"name":"wp","href":"https:\/\/api.w.org\/{rel}","templated":true}]}}