{"id":64650,"date":"2017-01-13T19:33:47","date_gmt":"2017-01-13T22:33:47","guid":{"rendered":"http:\/\/www.elsindical.com.ar\/notas\/?p=64650"},"modified":"2017-01-13T19:33:47","modified_gmt":"2017-01-13T22:33:47","slug":"contundente-asamblea-general-de-apsee","status":"publish","type":"post","link":"https:\/\/www.elsindical.com.ar\/notas\/contundente-asamblea-general-de-apsee\/","title":{"rendered":"Contundente asamblea general de APSEE"},"content":{"rendered":"<p><a href=\"http:\/\/www.elsindical.com.ar\/notas\/var\/www\/html\/notas\/wp-content\/uploads\/2016\/07\/logo-Apsee.jpg\"><img loading=\"lazy\" decoding=\"async\" class=\"alignnone size-full wp-image-60529\" src=\"http:\/\/www.elsindical.com.ar\/notas\/var\/www\/html\/notas\/wp-content\/uploads\/2016\/07\/logo-Apsee.jpg\" alt=\"\" width=\"236\" height=\"226\" \/><\/a>En el emblem\u00e1tico sal\u00f3n Felipe Vallese de la CGT, la Asociaci\u00f3n del Personal Superior de Empresas de Energ\u00eda (APSEE) llev\u00f3 a cabo el encuentro, en donde se reivindic\u00f3 por unanimidad la lucha para fortalecer el reconocimiento de estos trabajadores y para avanzar en mejores condiciones en pleno proceso paritario.<\/p>\n<p>En este contexto, Carlos Minucci, secretario general del sindicato, traz\u00f3 un racconto de lo que fue un intenso 2016 para el sector energ\u00e9tico, en el que si bien no se produjeron despidos, el mecanismo de flexibilizaci\u00f3n laboral se bas\u00f3 en la falta de cobertura de los cientos de puestos que quedaron vacantes ante la jubilaci\u00f3n de compa\u00f1eros.<\/p>\n<p>Ante este panorama y en un espacio desbordado de afiliados que avalaron la gesti\u00f3n, el dirigente fue terminante: \u201cEs necesario que nos acompa\u00f1en en esta pelea. Basta de ser los invitados de piedra en esas reuniones en las que otros hacen los negocios y nosotros nos comemos los cachetazos. Que quede claro: somos la empresa y nosotros la conducimos\u201d.<\/p>\n","protected":false},"excerpt":{"rendered":"<p>En el emblem\u00e1tico sal\u00f3n Felipe Vallese de la CGT, la Asociaci\u00f3n del Personal Superior de Empresas de Energ\u00eda (APSEE) llev\u00f3 a cabo el encuentro, en donde se reivindic\u00f3 por unanimidad la lucha para fortalecer el reconocimiento de estos trabajadores y para avanzar en mejores condiciones en pleno proceso paritario. En este contexto, Carlos Minucci, secretario&hellip;<\/p>\n","protected":false},"author":1,"featured_media":0,"comment_status":"open","ping_status":"open","sticky":false,"template":"","format":"standard","meta":{"footnotes":""},"categories":[16],"tags":[23875,23876,910],"class_list":["post-64650","post","type-post","status-publish","format-standard","hentry","category-gremiales","tag-apsee","tag-carlos-minucci","tag-cgt"],"_links":{"self":[{"href":"https:\/\/www.elsindical.com.ar\/notas\/wp-json\/wp\/v2\/posts\/64650","targetHints":{"allow":["GET"]}}],"collection":[{"href":"https:\/\/www.elsindical.com.ar\/notas\/wp-json\/wp\/v2\/posts"}],"about":[{"href":"https:\/\/www.elsindical.com.ar\/notas\/wp-json\/wp\/v2\/types\/post"}],"author":[{"embeddable":true,"href":"https:\/\/www.elsindical.com.ar\/notas\/wp-json\/wp\/v2\/users\/1"}],"replies":[{"embeddable":true,"href":"https:\/\/www.elsindical.com.ar\/notas\/wp-json\/wp\/v2\/comments?post=64650"}],"version-history":[{"count":1,"href":"https:\/\/www.elsindical.com.ar\/notas\/wp-json\/wp\/v2\/posts\/64650\/revisions"}],"predecessor-version":[{"id":64651,"href":"https:\/\/www.elsindical.com.ar\/notas\/wp-json\/wp\/v2\/posts\/64650\/revisions\/64651"}],"wp:attachment":[{"href":"https:\/\/www.elsindical.com.ar\/notas\/wp-json\/wp\/v2\/media?parent=64650"}],"wp:term":[{"taxonomy":"category","embeddable":true,"href":"https:\/\/www.elsindical.com.ar\/notas\/wp-json\/wp\/v2\/categories?post=64650"},{"taxonomy":"post_tag","embeddable":true,"href":"https:\/\/www.elsindical.com.ar\/notas\/wp-json\/wp\/v2\/tags?post=64650"}],"curies":[{"name":"wp","href":"https:\/\/api.w.org\/{rel}","templated":true}]}}