{"id":64647,"date":"2017-01-13T16:16:43","date_gmt":"2017-01-13T19:16:43","guid":{"rendered":"http:\/\/www.elsindical.com.ar\/notas\/?p=64647"},"modified":"2017-01-13T16:16:43","modified_gmt":"2017-01-13T19:16:43","slug":"suiza-condenan-por-violacion-a-un-hombre-que-se-quito-el-condon-durante-el-sexo-sin-avisar","status":"publish","type":"post","link":"https:\/\/www.elsindical.com.ar\/notas\/suiza-condenan-por-violacion-a-un-hombre-que-se-quito-el-condon-durante-el-sexo-sin-avisar\/","title":{"rendered":"Suiza: Condenan por violaci\u00f3n a un hombre que se quit\u00f3 el cond\u00f3n durante el sexo sin avisar"},"content":{"rendered":"<p><em>\u00a0<a href=\"http:\/\/www.elsindical.com.ar\/notas\/var\/www\/html\/notas\/wp-content\/uploads\/2017\/01\/preservativo-usado.jpg\"><img loading=\"lazy\" decoding=\"async\" class=\"alignnone size-medium wp-image-64648\" src=\"http:\/\/www.elsindical.com.ar\/notas\/var\/www\/html\/notas\/wp-content\/uploads\/2017\/01\/preservativo-usado-300x225.jpg\" alt=\"\" width=\"300\" height=\"225\" srcset=\"https:\/\/www.elsindical.com.ar\/notas\/var\/www\/html\/notas\/wp-content\/uploads\/2017\/01\/preservativo-usado-300x225.jpg 300w, https:\/\/www.elsindical.com.ar\/notas\/var\/www\/html\/notas\/wp-content\/uploads\/2017\/01\/preservativo-usado-400x300.jpg 400w, https:\/\/www.elsindical.com.ar\/notas\/var\/www\/html\/notas\/wp-content\/uploads\/2017\/01\/preservativo-usado.jpg 650w\" sizes=\"auto, (max-width: 300px) 100vw, 300px\" \/><\/a> Ha sucedido en Suiza y seg\u00fan el abogado de la v\u00edctima, es una sentencia pionera en el pa\u00eds.<\/em><\/p>\n<p>El pasado lunes, la Corte Criminal de Lausana (Suiza) conden\u00f3 a un hombre por un delito de violaci\u00f3n. El condenado hab\u00eda sido denunciado por quitarse el cond\u00f3n durante el sexo sin que su compa\u00f1era se diera cuenta. En una sentencia pionera, los magistrados determinaron que tener sexo sin preservativo constitu\u00eda un delito de violaci\u00f3n si la otra parte implicada en la relaci\u00f3n esperaba su uso.<\/p>\n<p>Los hechos sucedieron el a\u00f1o pasado, cuando la pareja \u2013de la que no han trascendido los nombres\u2013 tuvo una cita acordada mediante la aplicaci\u00f3n Tinder. El hombre, franc\u00e9s, y la mujer, suiza, volvieron a quedar una segunda vez y tuvieron sexo con cond\u00f3n. Pero en un momento dado, el hombre se quit\u00f3 el preservativo sin decir nada y la mujer solo se dio cuenta de eso al dar por terminado su contacto sexual.<\/p>\n<p>Ahora, el juez ha determinado que la mujer no habr\u00eda accedido a tener sexo si las condiciones hubieran sido esas, el sexo a pelo, sin cond\u00f3n, por lo que ha condenado al hombre a una pena de 12 meses de prisi\u00f3n al considerar que lo ocurrido puede considerarse violaci\u00f3n.<\/p>\n<p>Seg\u00fan el abogado de la v\u00edctima, es la primera vez que se falla una sentencia as\u00ed en Suiza. Un paso m\u00e1s para acabar con la cultura de la violaci\u00f3n y hacer entender a todo el mundo que el consentimiento es uno de los pilares fundamentales de cualquier tipo de relaci\u00f3n.<\/p>\n","protected":false},"excerpt":{"rendered":"<p>\u00a0 Ha sucedido en Suiza y seg\u00fan el abogado de la v\u00edctima, es una sentencia pionera en el pa\u00eds. El pasado lunes, la Corte Criminal de Lausana (Suiza) conden\u00f3 a un hombre por un delito de violaci\u00f3n. El condenado hab\u00eda sido denunciado por quitarse el cond\u00f3n durante el sexo sin que su compa\u00f1era se diera&hellip;<\/p>\n","protected":false},"author":1,"featured_media":0,"comment_status":"open","ping_status":"open","sticky":false,"template":"","format":"standard","meta":{"footnotes":""},"categories":[18],"tags":[25101,6150,241,1646,271],"class_list":["post-64647","post","type-post","status-publish","format-standard","hentry","category-internacionales","tag-corte-criminal-de-lausana","tag-preservativo","tag-sexo","tag-suiza","tag-violacion"],"_links":{"self":[{"href":"https:\/\/www.elsindical.com.ar\/notas\/wp-json\/wp\/v2\/posts\/64647","targetHints":{"allow":["GET"]}}],"collection":[{"href":"https:\/\/www.elsindical.com.ar\/notas\/wp-json\/wp\/v2\/posts"}],"about":[{"href":"https:\/\/www.elsindical.com.ar\/notas\/wp-json\/wp\/v2\/types\/post"}],"author":[{"embeddable":true,"href":"https:\/\/www.elsindical.com.ar\/notas\/wp-json\/wp\/v2\/users\/1"}],"replies":[{"embeddable":true,"href":"https:\/\/www.elsindical.com.ar\/notas\/wp-json\/wp\/v2\/comments?post=64647"}],"version-history":[{"count":1,"href":"https:\/\/www.elsindical.com.ar\/notas\/wp-json\/wp\/v2\/posts\/64647\/revisions"}],"predecessor-version":[{"id":64649,"href":"https:\/\/www.elsindical.com.ar\/notas\/wp-json\/wp\/v2\/posts\/64647\/revisions\/64649"}],"wp:attachment":[{"href":"https:\/\/www.elsindical.com.ar\/notas\/wp-json\/wp\/v2\/media?parent=64647"}],"wp:term":[{"taxonomy":"category","embeddable":true,"href":"https:\/\/www.elsindical.com.ar\/notas\/wp-json\/wp\/v2\/categories?post=64647"},{"taxonomy":"post_tag","embeddable":true,"href":"https:\/\/www.elsindical.com.ar\/notas\/wp-json\/wp\/v2\/tags?post=64647"}],"curies":[{"name":"wp","href":"https:\/\/api.w.org\/{rel}","templated":true}]}}