{"id":64629,"date":"2017-01-13T08:47:20","date_gmt":"2017-01-13T11:47:20","guid":{"rendered":"http:\/\/www.elsindical.com.ar\/notas\/?p=64629"},"modified":"2017-01-13T08:47:20","modified_gmt":"2017-01-13T11:47:20","slug":"droga-y-delitos-8-de-cada-10-jovenes-admitieron-que-el-consumo-los-llevo-a-delinquir","status":"publish","type":"post","link":"https:\/\/www.elsindical.com.ar\/notas\/droga-y-delitos-8-de-cada-10-jovenes-admitieron-que-el-consumo-los-llevo-a-delinquir\/","title":{"rendered":"Droga y delitos: 8 de cada 10 j\u00f3venes admitieron que el consumo los llev\u00f3 a delinquir"},"content":{"rendered":"<p><em>\u00a0 <a href=\"http:\/\/www.elsindical.com.ar\/notas\/var\/www\/html\/notas\/wp-content\/uploads\/2012\/11\/esposados-gen\u00e9rico.jpg\"><img loading=\"lazy\" decoding=\"async\" class=\"alignnone size-medium wp-image-30001\" src=\"http:\/\/www.elsindical.com.ar\/notas\/var\/www\/html\/notas\/wp-content\/uploads\/2012\/11\/esposados-gen\u00e9rico-300x190.jpg\" alt=\"\" width=\"300\" height=\"190\" srcset=\"https:\/\/www.elsindical.com.ar\/notas\/var\/www\/html\/notas\/wp-content\/uploads\/2012\/11\/esposados-gen\u00e9rico-300x190.jpg 300w, https:\/\/www.elsindical.com.ar\/notas\/var\/www\/html\/notas\/wp-content\/uploads\/2012\/11\/esposados-gen\u00e9rico.jpg 443w\" sizes=\"auto, (max-width: 300px) 100vw, 300px\" \/><\/a>Una encuesta oficial arroj\u00f3 datos para tener muy en cuenta sobre cuestiones sensibles como violencia familiar, abandono de la escuela, malas condiciones laborales y adicciones.<\/em><\/p>\n<p>Alguna vez el pedagogo Paulo Freire escribi\u00f3 que \u00abLa cabeza piensa donde los pies pisan\u00bb, transform\u00e1ndose en una frase perfectamente aplicable a los resultados de una encuesta recientemente efectuada a j\u00f3venes de entre 15 y 25 a\u00f1os que se encuentran en tratamiento por adicci\u00f3n a las drogas.<\/p>\n<p>El estudio que hizo la Direcci\u00f3n Nacional de Pol\u00edtica Criminal del Ministerio de Justicia de la Naci\u00f3n realiz\u00f3 entre 2014 y 2016 en 78 centros de tratamiento pertenecientes a la Federaci\u00f3n de Organizaciones no Gubernamentales de la Argentina para la Prevenci\u00f3n y el Tratamiento de Abuso de Drogas (FONGA) se llama \u00abVulnerabilidad social, adicciones y pr\u00e1cticas delictivas\u00bb.<\/p>\n<p>Los resultados del estudio, a grandes trazos indicaron que \u00abLas pautas de crianza, los modelos de funcionamiento familiar que incluyen malos tratos, violencia, pr\u00e1cticas de consumo en el entorno \u00edntimo y pr\u00f3ximo social, como as\u00ed tambi\u00e9n pr\u00e1cticas delictivas en los circuitos de referencia, configuran caracterizaciones frecuentes en las din\u00e1micas cotidianas de los j\u00f3venes que presentan problem\u00e1ticas de adicci\u00f3n a sustancias psicoactivas e involucramiento en pr\u00e1cticas delictivas\u00bb.<\/p>\n<p>Uno de los ejes principales sobre los que gir\u00f3 la encuesta fue el del entorno familiar en que viven los j\u00f3venes consultados, obteni\u00e9ndose como resultado que el 61% recibi\u00f3 castigos durante su infancia, cuyos autores o responsables fueron por lo generalsus padres o madres, en tanto que 6 de cada 10 afirmaron que los castigos les provocaron lesiones.<\/p>\n<p>As\u00ed mismo, el 45% afirm\u00f3 que hay problemas de alcoholismo en el seno del hogar y el 33% que al menos un integrante de su familia es consumidor de drogas, adem\u00e1s de sostener queen el 50% de esos hogares hay armas que (en un 70%)son propias.<\/p>\n<p>\u00abLos datos recogidos muestran c\u00f3mo el entorno familiar de consumo de drogas como as\u00ed tambi\u00e9n las situaciones de malos tratos en la infancia operan como factores de riesgo para el inicio temprano del consumo de sustancias psicoactivas\u00bb, destaca el estudio.<\/p>\n<p>Con respecto al inicio de los encuestados en el mundo de las drogas, el estudio arroja como resultado que se dio entre los 12 y los 15 a\u00f1os de estos j\u00f3venes, e inclsuo hubo casos en que reconocieron haber empezado a consumir desde una edad tan temprana como los 8 a\u00f1os.<\/p>\n<p>El informe tambi\u00e9n busca encontrar las causas que lleven a saber \u00bfpor qu\u00e9 estos j\u00f3venes roban? Y el resultado ha sido el siguiente: \u00abLa respuesta m\u00e1s numerosa refiere que lo hicieron para comprar drogas. En menor medida, el segundo lugar en cantidad de alusiones corresponde a tener dinero o plata f\u00e1cil y el tercer lugar a cuestiones identitarias y de pertenencia grupal\u00bb.<\/p>\n<p>Dada la pregunta sobre el modo en que consegu\u00edan dinero, las respuestas agruparon a los consultados de la siguiente manera: 555 dijeron que fue mediante el robo; 393 trabajando; 182 pidiendo dinero; 135 robo a la familia; 59 vendiendo sus cosas; 55 vendiendo droga; 26 prostituy\u00e9ndose.<\/p>\n<p>Nueve de cada 10 chicos y j\u00f3venes respondieron que el primer delito que cometieron fue el robo y ocho de cada 10 dijeron que siguieron delinquiendo. Adem\u00e1s, siete de cada 10 contaron que para robar utilizaron alg\u00fan tipo de arma, principalmente de fuego.<\/p>\n<p>A la consulta sobre el modo en que ocupaban su tiempo libre, los j\u00f3venes quedaron agrupados de la siguiente manera: 235 contestaron que lo hac\u00edan en el consumo de droga, 168 en lo que llamaron \u00abcalle\u00bb, \u00abesquina\u00bb o \u00abjunta\u00bb, 97 en el delito, 87 en trabajo o changas, 63 en \u00abnada\u00bb, 57 en el estudio, 33 en el deporte o el arte, 27 en la familia y 7 en el alcohol.<\/p>\n<p>El abandono escolar es otra caracter\u00edstica central: en el grupo de hasta 18 a\u00f1os, el 85% dej\u00f3 la escuela y seis de cada 10 lo hicieron entre 7\u00b0 grado y 2\u00b0 a\u00f1o.<\/p>\n<p>En ese punto, el estudio muestra que a mayor educaci\u00f3n o formalidad laboral, menos delitos: de los que ten\u00edan estudios terciarios completos el 22 por ciento cometi\u00f3 delitos, mientras que entre los que no llegaron a terminar el primero, el porcentaje llega al 85. Quienes ten\u00edan trabajo registrado, el 37 por ciento cometi\u00f3 delitos. El porcentaje llega a 73 entre quienes estaban en negro o hac\u00edan \u00abchangas\u00bb.<\/p>\n<p>El 76% de los chicos y j\u00f3venes que respondieron la encuesta dijeron que el consumo de drogas los acerca al delito.<\/p>\n<p>Ellos mismos respondieron c\u00f3mo alejarse: \u00abPor un lado, las respuestas m\u00e1s numerosas son las referidas a la implementaci\u00f3n de estrategias de inclusi\u00f3n social; y por otro, proponen acciones referidas a combatir espec\u00edficamente el tr\u00e1fico de drogas como as\u00ed tambi\u00e9n la corrupci\u00f3n en las diferentes agencias del Estado\u00bb.<\/p>\n","protected":false},"excerpt":{"rendered":"<p>\u00a0 Una encuesta oficial arroj\u00f3 datos para tener muy en cuenta sobre cuestiones sensibles como violencia familiar, abandono de la escuela, malas condiciones laborales y adicciones. Alguna vez el pedagogo Paulo Freire escribi\u00f3 que \u00abLa cabeza piensa donde los pies pisan\u00bb, transform\u00e1ndose en una frase perfectamente aplicable a los resultados de una encuesta recientemente efectuada&hellip;<\/p>\n","protected":false},"author":1,"featured_media":0,"comment_status":"open","ping_status":"open","sticky":false,"template":"","format":"standard","meta":{"footnotes":""},"categories":[25],"tags":[892,42,940,25095],"class_list":["post-64629","post","type-post","status-publish","format-standard","hentry","category-sociedad","tag-delitos","tag-droga","tag-estudio","tag-fonga"],"_links":{"self":[{"href":"https:\/\/www.elsindical.com.ar\/notas\/wp-json\/wp\/v2\/posts\/64629","targetHints":{"allow":["GET"]}}],"collection":[{"href":"https:\/\/www.elsindical.com.ar\/notas\/wp-json\/wp\/v2\/posts"}],"about":[{"href":"https:\/\/www.elsindical.com.ar\/notas\/wp-json\/wp\/v2\/types\/post"}],"author":[{"embeddable":true,"href":"https:\/\/www.elsindical.com.ar\/notas\/wp-json\/wp\/v2\/users\/1"}],"replies":[{"embeddable":true,"href":"https:\/\/www.elsindical.com.ar\/notas\/wp-json\/wp\/v2\/comments?post=64629"}],"version-history":[{"count":1,"href":"https:\/\/www.elsindical.com.ar\/notas\/wp-json\/wp\/v2\/posts\/64629\/revisions"}],"predecessor-version":[{"id":64630,"href":"https:\/\/www.elsindical.com.ar\/notas\/wp-json\/wp\/v2\/posts\/64629\/revisions\/64630"}],"wp:attachment":[{"href":"https:\/\/www.elsindical.com.ar\/notas\/wp-json\/wp\/v2\/media?parent=64629"}],"wp:term":[{"taxonomy":"category","embeddable":true,"href":"https:\/\/www.elsindical.com.ar\/notas\/wp-json\/wp\/v2\/categories?post=64629"},{"taxonomy":"post_tag","embeddable":true,"href":"https:\/\/www.elsindical.com.ar\/notas\/wp-json\/wp\/v2\/tags?post=64629"}],"curies":[{"name":"wp","href":"https:\/\/api.w.org\/{rel}","templated":true}]}}